{"id":11480,"date":"2015-04-02T08:39:09","date_gmt":"2015-04-02T11:39:09","guid":{"rendered":"http:\/\/www.sincomam.org.br\/?p=11480"},"modified":"2015-04-01T16:40:51","modified_gmt":"2015-04-01T19:40:51","slug":"porto-itapoa-amplia-servico-de-cabotagem-e-mercosul","status":"publish","type":"post","link":"https:\/\/www.sincomam.org.br\/index.php\/porto-itapoa-amplia-servico-de-cabotagem-e-mercosul\/","title":{"rendered":"Porto Itapo\u00e1 amplia servi\u00e7o de Cabotagem e Mercosul"},"content":{"rendered":"<p><strong><em>O novo servi\u00e7o no terminal ter\u00e1 escala direta para os portos de Punta Pereira e Ros\u00e1rio<\/em><\/strong><\/p>\n<p>A Alian\u00e7a Navega\u00e7\u00e3o e Log\u00edstica ampliou suas escalas de servi\u00e7os no Mercosul de cabotagem nesse m\u00eas e adicionou mais uma escala no Porto Itapo\u00e1 em seu Anel 5. A inaugura\u00e7\u00e3o do servi\u00e7o aconteceu com a chegada do navio Alian\u00e7a Santa F\u00e9. O novo servi\u00e7o no terminal ter\u00e1 escala direta (sem transbordo) para os portos de Punta Pereira (Uruguai) e Ros\u00e1rio (Argentina).<\/p>\n<p>A implementa\u00e7\u00e3o do novo Anel tem como objetivo ampliar a cobertura no Mercosul, facilitando a opera\u00e7\u00e3o e oferecendo novas op\u00e7\u00f5es aos clientes de Santa Catarina e do Paran\u00e1. O navio Santa F\u00e9 ter\u00e1 sa\u00eddas de Itapo\u00e1 quinzenalmente, complementando o Anel 3 que conta com dois navios escalando semanalmente nos portos de Buenos Aires, Zarate, Montevid\u00e9u e Itapo\u00e1.<\/p>\n<p>Atualmente, tr\u00eas An\u00e9is da Alian\u00e7a fazem escala no Porto Itapo\u00e1: Anel 1: Rio Grande, Imbituba, Itapo\u00e1, Santos (Embraport), Santos (Santos Brasil), Itagua\u00ed (Sepetiba), Salvador, Suape, Pec\u00e9m, Vila do Conde e Manaus. Anel 3: Buenos Aires, Zarate, Montevideo, Rio Grande, Itapo\u00e1 e Santos (Santos Brasil). Anel 5: Ros\u00e1rio, Itapo\u00e1, Santos (Santos Brasil) e Punta Pereira.<\/p>\n<p>Fonte: Guia Mar\u00edtimo<\/p>\n","protected":false},"excerpt":{"rendered":"<p>O novo servi\u00e7o no terminal ter\u00e1 escala direta para os portos de Punta Pereira e Ros\u00e1rio A Alian\u00e7a Navega\u00e7\u00e3o e Log\u00edstica ampliou suas escalas de&#8230;<\/p>\n","protected":false},"author":1182,"featured_media":5310,"comment_status":"closed","ping_status":"closed","sticky":false,"template":"","format":"standard","meta":{"footnotes":""},"categories":[6],"tags":[],"class_list":["post-11480","post","type-post","status-publish","format-standard","has-post-thumbnail","hentry","category-noticias"],"_links":{"self":[{"href":"https:\/\/www.sincomam.org.br\/index.php\/wp-json\/wp\/v2\/posts\/11480","targetHints":{"allow":["GET"]}}],"collection":[{"href":"https:\/\/www.sincomam.org.br\/index.php\/wp-json\/wp\/v2\/posts"}],"about":[{"href":"https:\/\/www.sincomam.org.br\/index.php\/wp-json\/wp\/v2\/types\/post"}],"author":[{"embeddable":true,"href":"https:\/\/www.sincomam.org.br\/index.php\/wp-json\/wp\/v2\/users\/1182"}],"replies":[{"embeddable":true,"href":"https:\/\/www.sincomam.org.br\/index.php\/wp-json\/wp\/v2\/comments?post=11480"}],"version-history":[{"count":1,"href":"https:\/\/www.sincomam.org.br\/index.php\/wp-json\/wp\/v2\/posts\/11480\/revisions"}],"predecessor-version":[{"id":11481,"href":"https:\/\/www.sincomam.org.br\/index.php\/wp-json\/wp\/v2\/posts\/11480\/revisions\/11481"}],"wp:featuredmedia":[{"embeddable":true,"href":"https:\/\/www.sincomam.org.br\/index.php\/wp-json\/wp\/v2\/media\/5310"}],"wp:attachment":[{"href":"https:\/\/www.sincomam.org.br\/index.php\/wp-json\/wp\/v2\/media?parent=11480"}],"wp:term":[{"taxonomy":"category","embeddable":true,"href":"https:\/\/www.sincomam.org.br\/index.php\/wp-json\/wp\/v2\/categories?post=11480"},{"taxonomy":"post_tag","embeddable":true,"href":"https:\/\/www.sincomam.org.br\/index.php\/wp-json\/wp\/v2\/tags?post=11480"}],"curies":[{"name":"wp","href":"https:\/\/api.w.org\/{rel}","templated":true}]}}