{"id":11465,"date":"2015-04-01T16:17:33","date_gmt":"2015-04-01T19:17:33","guid":{"rendered":"http:\/\/www.sincomam.org.br\/?p=11465"},"modified":"2015-04-01T16:17:33","modified_gmt":"2015-04-01T19:17:33","slug":"ministro-descarta-reajuste-de-tarifas-no-porto-de-santos","status":"publish","type":"post","link":"https:\/\/www.sincomam.org.br\/index.php\/ministro-descarta-reajuste-de-tarifas-no-porto-de-santos\/","title":{"rendered":"Ministro descarta reajuste de tarifas no porto de Santos"},"content":{"rendered":"<p>O ministro da Secretaria de Portos (SEP) da Presid\u00eancia da Rep\u00fablica, Edinho Ara\u00fajo, descartou a possibilidade imediata de se reajustar as tarifas do Porto de Santos, congeladas h\u00e1 10 anos. A atualiza\u00e7\u00e3o desses valores foi proposta pelo presidente da Companhia Docas do Estado de S\u00e3o Paulo (Codesp, a Autoridade Portu\u00e1ria), Angelino Caputo e Oliveira, que teme pelo descompasso financeiro da estatal.<\/p>\n<p>O titular da SEP afirmou ontem, para A Tribuna, que o Pal\u00e1cio do Planalto tem reiterado a necessidade de o Governo se adequar num momento econ\u00f4mico considerado dif\u00edcil. Por isso, corrigir essas taxas n\u00e3o \u00e9 encarado como prioridade pela SEP. Para a pasta, primeiro, deve-se concentrar esfor\u00e7os na conten\u00e7\u00e3o de gastos internos.<\/p>\n<p>\u201cA Codesp n\u00e3o entrar\u00e1 no vermelho. Ante essa possibilidade, temos que fazer como na iniciativa privada: olhar para dentro da empresa, promovendo um plano de contingenciamento competente no sentido de diminuir despesas e aumentar receitas\u201d, afirmou o ministro. Apesar disso, n\u00e3o foi descartado retomar essa discuss\u00e3o no futuro.<\/p>\n<p>A declara\u00e7\u00e3o de Edinho Ara\u00fajo ocorre ap\u00f3s entrevista exclusiva do presidente da Docas a A Tribuna, publicada na \u00faltima sexta-feira. Nela, Caputo afirmou que \u00e9 poss\u00edvel a companhia ter preju\u00edzo no semestre. Ele considerou a chance ap\u00f3s o \u00faltimo balancete interno da empresa identificar a queda no lucro no ano passado em 84,78%, for\u00e7ando o in\u00edcio imediato de corte des gastos, entre eles, obras e servi\u00e7os n\u00e3o essenciais.<\/p>\n<p>Uma alternativa apresentada por Caputo para reverter a situa\u00e7\u00e3o foi o reajuste das tarifas, que considerou defasadas. \u201cNossas despesas aumentaram e a receita caiu\u201d, resumiu o presidente na ocasi\u00e3o. O presidente da Codesp alegou tamb\u00e9m que os contratos, as despesas e os sal\u00e1rios de todos os funcion\u00e1rios foram reajustados. No entanto, essa corre\u00e7\u00e3o n\u00e3o foi repassada ao usu\u00e1rio.<\/p>\n<p><strong>Usu\u00e1rios<\/strong><\/p>\n<p>O diretor presidente da Associa\u00e7\u00e3o Brasileira dos Terminais Portu\u00e1rios (ABTP), Wilen Manteli, discordou ontem da necessidade de se reajustar as tarifas portu\u00e1rias. Ele elogiou o trabalho de Caputo \u00e0 frente da Codesp, mas lamentou a declara\u00e7\u00e3o do executivo, ponderando a necessidade da atualiza\u00e7\u00e3o das taxa\u00e7\u00f5es portu\u00e1rias.<\/p>\n<p>Manteli defende uma readequa\u00e7\u00e3o interna n\u00e3o s\u00f3 da Codesp como das demais companhias docas, para reverter a possibilidade de crise financeira. \u201cA Docas tem que atualizar sua rotina e cuidar de todos os seus teores. Somos contra, pois sen\u00e3o vamos continuar alimentado uma inefici\u00eancia p\u00fablica com base numa crise interna\u201d, destacou.<\/p>\n<p>Fonte: A Tribuna (Santos)\/Jos\u00e9 Claudio Pimentel<\/p>\n","protected":false},"excerpt":{"rendered":"<p>O ministro da Secretaria de Portos (SEP) da Presid\u00eancia da Rep\u00fablica, Edinho Ara\u00fajo, descartou a possibilidade imediata de se reajustar as tarifas do Porto de&#8230;<\/p>\n","protected":false},"author":1182,"featured_media":0,"comment_status":"closed","ping_status":"closed","sticky":false,"template":"","format":"standard","meta":{"footnotes":""},"categories":[6],"tags":[],"class_list":["post-11465","post","type-post","status-publish","format-standard","hentry","category-noticias"],"_links":{"self":[{"href":"https:\/\/www.sincomam.org.br\/index.php\/wp-json\/wp\/v2\/posts\/11465","targetHints":{"allow":["GET"]}}],"collection":[{"href":"https:\/\/www.sincomam.org.br\/index.php\/wp-json\/wp\/v2\/posts"}],"about":[{"href":"https:\/\/www.sincomam.org.br\/index.php\/wp-json\/wp\/v2\/types\/post"}],"author":[{"embeddable":true,"href":"https:\/\/www.sincomam.org.br\/index.php\/wp-json\/wp\/v2\/users\/1182"}],"replies":[{"embeddable":true,"href":"https:\/\/www.sincomam.org.br\/index.php\/wp-json\/wp\/v2\/comments?post=11465"}],"version-history":[{"count":1,"href":"https:\/\/www.sincomam.org.br\/index.php\/wp-json\/wp\/v2\/posts\/11465\/revisions"}],"predecessor-version":[{"id":11466,"href":"https:\/\/www.sincomam.org.br\/index.php\/wp-json\/wp\/v2\/posts\/11465\/revisions\/11466"}],"wp:attachment":[{"href":"https:\/\/www.sincomam.org.br\/index.php\/wp-json\/wp\/v2\/media?parent=11465"}],"wp:term":[{"taxonomy":"category","embeddable":true,"href":"https:\/\/www.sincomam.org.br\/index.php\/wp-json\/wp\/v2\/categories?post=11465"},{"taxonomy":"post_tag","embeddable":true,"href":"https:\/\/www.sincomam.org.br\/index.php\/wp-json\/wp\/v2\/tags?post=11465"}],"curies":[{"name":"wp","href":"https:\/\/api.w.org\/{rel}","templated":true}]}}