{"id":11434,"date":"2015-03-31T13:42:18","date_gmt":"2015-03-31T16:42:18","guid":{"rendered":"http:\/\/www.sincomam.org.br\/?p=11434"},"modified":"2015-03-31T13:42:18","modified_gmt":"2015-03-31T16:42:18","slug":"marinha-capacita-tecnicos-da-cprm-para-navegacao-com-seguranca","status":"publish","type":"post","link":"https:\/\/www.sincomam.org.br\/index.php\/marinha-capacita-tecnicos-da-cprm-para-navegacao-com-seguranca\/","title":{"rendered":"Marinha capacita t\u00e9cnicos da CPRM para navega\u00e7\u00e3o com seguran\u00e7a"},"content":{"rendered":"<p>Entre os dias de 23 a 27 de mar\u00e7o, a Marinha do Brasil realizou o Curso Especial para Tripula\u00e7\u00e3o de Embarca\u00e7\u00f5es de Estado no Servi\u00e7o P\u00fablico (ETSP), em Porto Velho. O curso capacitou 25 colaboradores do Servi\u00e7o Geol\u00f3gico do Brasil &#8211; CPRM e teve carga hor\u00e1ria aproximada de 40 horas.<\/p>\n<p>As aulas te\u00f3ricas foram realizadas na delegacia fluvial de Porto Velho, sob o comando do capit\u00e3o de Corveta, Felix Carlos Gramajo Junior. J\u00e1 as aulas pr\u00e1ticas aconteceram no rio Jamari, assim como a entrega dos certificados e a premia\u00e7\u00e3o dos primeiros colocados do curso, os ge\u00f3logos Gustavo Bergami e Amilcar Adamy.<\/p>\n<p>A necessidade do treinamento nas \u00e1reas de embarca\u00e7\u00f5es e o aprimoramento de navega\u00e7\u00e3o com seguran\u00e7a foram evidenciados devido \u00e0 necessidade de trabalhos relacionados \u00e0s cheias dos rios Madeira e Acre e o aumento das pesquisas de recursos minerais em campo.<\/p>\n<p>De acordo com o chefe da CPRM de Porto Velho, Edgar Iza, o grande objetivo do curso \u00e9 capacitar os colaboradores e proporcionar maior seguran\u00e7a para o piloto e passageiros das embarca\u00e7\u00f5es utilizadas nas etapas de campo.<\/p>\n<p>\u201c\u00c9 importante destacar nosso agradecimento \u00e0 Marinha do Brasil pela disponibilidade e agilidade na realiza\u00e7\u00e3o do curso. \u00c9 necess\u00e1rio tamb\u00e9m reconhecer a import\u00e2ncia da parceria local entre a CPRM e a Delegacia Fluvial de Porto Velho que vai consolidar e ampliar a forte coopera\u00e7\u00e3o existente no territ\u00f3rio nacional\u201d, afirma Edgar.<\/p>\n<p>Fonte: Portos e Navios<\/p>\n","protected":false},"excerpt":{"rendered":"<p>Entre os dias de 23 a 27 de mar\u00e7o, a Marinha do Brasil realizou o Curso Especial para Tripula\u00e7\u00e3o de Embarca\u00e7\u00f5es de Estado no Servi\u00e7o&#8230;<\/p>\n","protected":false},"author":1182,"featured_media":9775,"comment_status":"closed","ping_status":"closed","sticky":false,"template":"","format":"standard","meta":{"footnotes":""},"categories":[6],"tags":[],"class_list":["post-11434","post","type-post","status-publish","format-standard","has-post-thumbnail","hentry","category-noticias"],"_links":{"self":[{"href":"https:\/\/www.sincomam.org.br\/index.php\/wp-json\/wp\/v2\/posts\/11434","targetHints":{"allow":["GET"]}}],"collection":[{"href":"https:\/\/www.sincomam.org.br\/index.php\/wp-json\/wp\/v2\/posts"}],"about":[{"href":"https:\/\/www.sincomam.org.br\/index.php\/wp-json\/wp\/v2\/types\/post"}],"author":[{"embeddable":true,"href":"https:\/\/www.sincomam.org.br\/index.php\/wp-json\/wp\/v2\/users\/1182"}],"replies":[{"embeddable":true,"href":"https:\/\/www.sincomam.org.br\/index.php\/wp-json\/wp\/v2\/comments?post=11434"}],"version-history":[{"count":1,"href":"https:\/\/www.sincomam.org.br\/index.php\/wp-json\/wp\/v2\/posts\/11434\/revisions"}],"predecessor-version":[{"id":11435,"href":"https:\/\/www.sincomam.org.br\/index.php\/wp-json\/wp\/v2\/posts\/11434\/revisions\/11435"}],"wp:featuredmedia":[{"embeddable":true,"href":"https:\/\/www.sincomam.org.br\/index.php\/wp-json\/wp\/v2\/media\/9775"}],"wp:attachment":[{"href":"https:\/\/www.sincomam.org.br\/index.php\/wp-json\/wp\/v2\/media?parent=11434"}],"wp:term":[{"taxonomy":"category","embeddable":true,"href":"https:\/\/www.sincomam.org.br\/index.php\/wp-json\/wp\/v2\/categories?post=11434"},{"taxonomy":"post_tag","embeddable":true,"href":"https:\/\/www.sincomam.org.br\/index.php\/wp-json\/wp\/v2\/tags?post=11434"}],"curies":[{"name":"wp","href":"https:\/\/api.w.org\/{rel}","templated":true}]}}