{"id":11380,"date":"2015-03-27T08:00:31","date_gmt":"2015-03-27T11:00:31","guid":{"rendered":"http:\/\/www.sincomam.org.br\/?p=11380"},"modified":"2015-03-27T09:59:54","modified_gmt":"2015-03-27T12:59:54","slug":"jogos-olimpicos-rio-2016-abre-primeiro-centro-para-selecao-de-voluntarios","status":"publish","type":"post","link":"https:\/\/www.sincomam.org.br\/index.php\/jogos-olimpicos-rio-2016-abre-primeiro-centro-para-selecao-de-voluntarios\/","title":{"rendered":"Jogos Ol\u00edmpicos Rio 2016 abre primeiro centro para sele\u00e7\u00e3o de volunt\u00e1rios"},"content":{"rendered":"<p>Os volunt\u00e1rios do Rio de Janeiro, que se inscreveram para trabalhar nas Olimp\u00edadas 2016, v\u00e3o frequentar o centro de forma\u00e7\u00e3o inaugurado nesta quarta-feira (25) na Universidade Est\u00e1cio de S\u00e1, na Barra da Tijuca. Cerca de\u00a0 240 mil pessoas se inscreveram em todo o pa\u00eds, mas depois das diferentes etapas de sele\u00e7\u00e3o ficar\u00e3o s\u00f3 70 mil, que ser\u00e3o conhecidos em novembro.<\/p>\n<p>A maioria dos volunt\u00e1rios j\u00e1 foi aprovada em teste de l\u00edngua estrangeira, e agora estamos testando outras habilidades, disse a gerente-geral de Voluntariado do Comit\u00ea Rio 2016, Fl\u00e1via Fontes. Segundo ela, h\u00e1 uma din\u00e2mica de grupo, na qual s\u00e3o observados pontos como trabalho em equipe, comprometimento e lideran\u00e7a, para avaliar o candidato, que recebe uma pontua\u00e7\u00e3o no final.<\/p>\n<p>Fl\u00e1via acrescentou que o centro de treinamento do Rio ser\u00e1 replicado em S\u00e3o Paulo e Belo Horizonte. Nas demais capitais, as sele\u00e7\u00f5es, que tamb\u00e9m s\u00e3o feitas por profissionais volunt\u00e1rios de recursos humanos e de administra\u00e7\u00e3o, ser\u00e3o em unidades da Universidade Est\u00e1cio de S\u00e1.<\/p>\n<p>A prioridade, segundo Fl\u00e1via Fontes, \u00e9 o recrutamento de brasileiros. S\u00f3 depois ser\u00e3o escolhidos estrangeiros, por meio de testes online. A previs\u00e3o \u00e9 que em torno de 10% dos 70 mil volunt\u00e1rios deem assessoramento direto aos cerca de 10,5 mil atletas que v\u00e3o participar de mais de 300 competi\u00e7\u00f5es.<\/p>\n<p>\u201cOferecemos uma experi\u00eancia incr\u00edvel. Realizar um sonho ou ter a oportunidade de um primeiro emprego, por exemplo, al\u00e9m de dar forma\u00e7\u00e3o tamb\u00e9m\u201d, acrescentou a gerente.<\/p>\n<p>Quem v\u00ea vantagens na troca de experi\u00eancia \u00e9 o t\u00e9cnico em inform\u00e1tica Ivan Pereira da Costa. Ele diz que est\u00e1 menos interessado em arrumar um jeito de ver os jogos de gra\u00e7a do que na experi\u00eancia profissional que o voluntariado pode lhe render. \u201cQuero ficar nos bastidores para n\u00e3o deixar faltar equipamento, manuten\u00e7\u00e3o, o que for, para os jogos funcionarem\u201d, contou.<\/p>\n<p>Atletas tamb\u00e9m incentivam a participa\u00e7\u00e3o dos volunt\u00e1rios e destacam a import\u00e2ncia deles para os esportistas. O nadador paral\u00edmpico Marcelo Cardoso, de 22 anos, ressalta, por exemplo, que \u201co volunt\u00e1rio \u00e9 nosso segundo pai, durante as provas. O t\u00e9cnico fica de fora, nos observando e esperando nossos resultados. O volunt\u00e1rio, n\u00e3o, fica pr\u00f3ximo, com nossos equipamentos, roupas, uniforme, desejando for\u00e7a e vibra\u00e7\u00f5es positivas. \u00c9 uma liga\u00e7\u00e3o muito maneira\u201d.<\/p>\n<p>Para Roseli Silva Alves, de 29 anos, que \u00e9 selecionadora volunt\u00e1ria, toda a experi\u00eancia j\u00e1 valeu a pena no primeiro dia de trabalho. \u201c\u00c9 gratificante, tanto pessoalmente, quanto profissionalmente\u201d, contou ela, que revela n\u00e3o ter eliminado ningu\u00e9m at\u00e9 agora.<\/p>\n<p>As inscri\u00e7\u00f5es para volunt\u00e1rios nas Olimp\u00edadas j\u00e1 se encerraram, mas os interessados ainda podem colocar o nome em uma lista de espera, no site www.rio2016.com.br.<\/p>\n<p>Fonte: Ag\u00eancia Brasil<\/p>\n","protected":false},"excerpt":{"rendered":"<p>Os volunt\u00e1rios do Rio de Janeiro, que se inscreveram para trabalhar nas Olimp\u00edadas 2016, v\u00e3o frequentar o centro de forma\u00e7\u00e3o inaugurado nesta quarta-feira (25) na&#8230;<\/p>\n","protected":false},"author":1182,"featured_media":3740,"comment_status":"closed","ping_status":"closed","sticky":false,"template":"","format":"standard","meta":{"footnotes":""},"categories":[6],"tags":[602,336,1437,59,1741],"class_list":["post-11380","post","type-post","status-publish","format-standard","has-post-thumbnail","hentry","category-noticias","tag-abertura","tag-inscricoes","tag-olimpiadas","tag-rio-de-janeiro","tag-voluntarios"],"_links":{"self":[{"href":"https:\/\/www.sincomam.org.br\/index.php\/wp-json\/wp\/v2\/posts\/11380","targetHints":{"allow":["GET"]}}],"collection":[{"href":"https:\/\/www.sincomam.org.br\/index.php\/wp-json\/wp\/v2\/posts"}],"about":[{"href":"https:\/\/www.sincomam.org.br\/index.php\/wp-json\/wp\/v2\/types\/post"}],"author":[{"embeddable":true,"href":"https:\/\/www.sincomam.org.br\/index.php\/wp-json\/wp\/v2\/users\/1182"}],"replies":[{"embeddable":true,"href":"https:\/\/www.sincomam.org.br\/index.php\/wp-json\/wp\/v2\/comments?post=11380"}],"version-history":[{"count":1,"href":"https:\/\/www.sincomam.org.br\/index.php\/wp-json\/wp\/v2\/posts\/11380\/revisions"}],"predecessor-version":[{"id":11381,"href":"https:\/\/www.sincomam.org.br\/index.php\/wp-json\/wp\/v2\/posts\/11380\/revisions\/11381"}],"wp:featuredmedia":[{"embeddable":true,"href":"https:\/\/www.sincomam.org.br\/index.php\/wp-json\/wp\/v2\/media\/3740"}],"wp:attachment":[{"href":"https:\/\/www.sincomam.org.br\/index.php\/wp-json\/wp\/v2\/media?parent=11380"}],"wp:term":[{"taxonomy":"category","embeddable":true,"href":"https:\/\/www.sincomam.org.br\/index.php\/wp-json\/wp\/v2\/categories?post=11380"},{"taxonomy":"post_tag","embeddable":true,"href":"https:\/\/www.sincomam.org.br\/index.php\/wp-json\/wp\/v2\/tags?post=11380"}],"curies":[{"name":"wp","href":"https:\/\/api.w.org\/{rel}","templated":true}]}}