{"id":11374,"date":"2015-03-27T08:56:53","date_gmt":"2015-03-27T11:56:53","guid":{"rendered":"http:\/\/www.sincomam.org.br\/?p=11374"},"modified":"2015-03-27T08:56:53","modified_gmt":"2015-03-27T11:56:53","slug":"lava-jato-pf-cumpre-tres-mandados-judiciais-em-sp-e-no-rio","status":"publish","type":"post","link":"https:\/\/www.sincomam.org.br\/index.php\/lava-jato-pf-cumpre-tres-mandados-judiciais-em-sp-e-no-rio\/","title":{"rendered":"Lava-Jato: PF cumpre tr\u00eas mandados judiciais em SP e no Rio"},"content":{"rendered":"<p><strong><em>Dois deles s\u00e3o de pris\u00e3o preventiva e outro de busca e apreens\u00e3o<\/em><\/strong><\/p>\n<p>A Pol\u00edcia Federal (PF) cumpre tr\u00eas mandados judiciais da Opera\u00e7\u00e3o Lava-Jato desde a madrugada desta sexta-feira em S\u00e3o Paulo e no Rio de Janeiro. Uma pris\u00e3o preventiva em S\u00e3o Paulo e outra no Rio, al\u00e9m de um mandado de busca e apreens\u00e3o tamb\u00e9m em S\u00e3o Paulo. Ainda n\u00e3o h\u00e1 detalhes sobre a a\u00e7\u00e3o. Um dos alvos da PF na capital paulista \u00e9 o empres\u00e1rio D\u00e1rio Galv\u00e3o, acionista da Galv\u00e3o Engenharia, uma das 23 investigadas por corrup\u00e7\u00e3o em obras da Petrobras e que entrou quarta-feira com pedido de recupera\u00e7\u00e3o judicial na Justi\u00e7a Estadual do Rio de Janeiro. No Rio, o alvo \u00e9 Guilherme Esteves de Jesus, apontado como operador junto ao estaleiro Jurong.<\/p>\n<p>De acordo com a PF, n\u00e3o \u00e9 uma nova fase da Lava-Jato e sim uma a\u00e7\u00e3o complementar da investiga\u00e7\u00e3o. Ainda n\u00e3o se sabe a qual fase ou processo est\u00e3o relacionados os mandados que devem ser cumpridos nesta sexta-feira.<\/p>\n<p>Dario Galv\u00e3o, presidente do Grupo Galv\u00e3o, \u00e9 um dos quatro executivos da empreiteira Galv\u00e3o Engenharia denunciados em dezembro por envolvimento no esquema de forma\u00e7\u00e3o de cartel e corrup\u00e7\u00e3o na Petrobras. Al\u00e9m dele, est\u00e3o sendo acusados Jean Alberto Luscher, diretor-presidente da Galv\u00e3o, Erton Medeiros Fonseca, diretor-presidente da Divis\u00e3o de Engenharia Industrial e Eduardo de Queiroz Galv\u00e3o, que preside o Conselho de Administra\u00e7\u00e3o do Grupo Galv\u00e3o. Eles respondem por corrup\u00e7\u00e3o ativa e forma\u00e7\u00e3o de quadrilha.<\/p>\n<p>Os presos ser\u00e3o trazidos para a cust\u00f3dia da Superintend\u00eancia da Pol\u00edcia Federal em Curitiba onde permanecer\u00e3o \u00e0 disposi\u00e7\u00e3o da Justi\u00e7a Federal.<\/p>\n<p>A Opera\u00e7\u00e3o Lava-Jato foi deflagrada em 17 de mar\u00e7o pela Pol\u00edcia Federal (PF) para investigar um suposto esquema de lavagem de dinheiro e evas\u00e3o de divisas. Na \u00e9poca, foram presas 24 pessoas, entre elas o doleiro Alberto Youssef. Os detidos foram acusados de participar de uma organiza\u00e7\u00e3o criminosa que tinha o objetivo de lavar R$ 10 bilh\u00f5es oriundos de desvio de dinheiro p\u00fablico, tr\u00e1fico de drogas e contrabando de pedras preciosas.<\/p>\n<p>Fonte: O Globo \/ Renato Onofre<\/p>\n","protected":false},"excerpt":{"rendered":"<p>Dois deles s\u00e3o de pris\u00e3o preventiva e outro de busca e apreens\u00e3o A Pol\u00edcia Federal (PF) cumpre tr\u00eas mandados judiciais da Opera\u00e7\u00e3o Lava-Jato desde a&#8230;<\/p>\n","protected":false},"author":1182,"featured_media":11211,"comment_status":"closed","ping_status":"closed","sticky":false,"template":"","format":"standard","meta":{"footnotes":""},"categories":[6],"tags":[],"class_list":["post-11374","post","type-post","status-publish","format-standard","has-post-thumbnail","hentry","category-noticias"],"_links":{"self":[{"href":"https:\/\/www.sincomam.org.br\/index.php\/wp-json\/wp\/v2\/posts\/11374","targetHints":{"allow":["GET"]}}],"collection":[{"href":"https:\/\/www.sincomam.org.br\/index.php\/wp-json\/wp\/v2\/posts"}],"about":[{"href":"https:\/\/www.sincomam.org.br\/index.php\/wp-json\/wp\/v2\/types\/post"}],"author":[{"embeddable":true,"href":"https:\/\/www.sincomam.org.br\/index.php\/wp-json\/wp\/v2\/users\/1182"}],"replies":[{"embeddable":true,"href":"https:\/\/www.sincomam.org.br\/index.php\/wp-json\/wp\/v2\/comments?post=11374"}],"version-history":[{"count":1,"href":"https:\/\/www.sincomam.org.br\/index.php\/wp-json\/wp\/v2\/posts\/11374\/revisions"}],"predecessor-version":[{"id":11375,"href":"https:\/\/www.sincomam.org.br\/index.php\/wp-json\/wp\/v2\/posts\/11374\/revisions\/11375"}],"wp:featuredmedia":[{"embeddable":true,"href":"https:\/\/www.sincomam.org.br\/index.php\/wp-json\/wp\/v2\/media\/11211"}],"wp:attachment":[{"href":"https:\/\/www.sincomam.org.br\/index.php\/wp-json\/wp\/v2\/media?parent=11374"}],"wp:term":[{"taxonomy":"category","embeddable":true,"href":"https:\/\/www.sincomam.org.br\/index.php\/wp-json\/wp\/v2\/categories?post=11374"},{"taxonomy":"post_tag","embeddable":true,"href":"https:\/\/www.sincomam.org.br\/index.php\/wp-json\/wp\/v2\/tags?post=11374"}],"curies":[{"name":"wp","href":"https:\/\/api.w.org\/{rel}","templated":true}]}}