{"id":11370,"date":"2015-03-27T08:44:55","date_gmt":"2015-03-27T11:44:55","guid":{"rendered":"http:\/\/www.sincomam.org.br\/?p=11370"},"modified":"2015-03-27T08:44:55","modified_gmt":"2015-03-27T11:44:55","slug":"porto-de-sao-francisco-lancou-edital-para-dragagem","status":"publish","type":"post","link":"https:\/\/www.sincomam.org.br\/index.php\/porto-de-sao-francisco-lancou-edital-para-dragagem\/","title":{"rendered":"Porto de S\u00e3o Francisco lan\u00e7ou edital para dragagem"},"content":{"rendered":"<p>O Porto de S\u00e3o Francisco do Sul analisa as condi\u00e7\u00f5es da ba\u00eda da Babitonga.\u00a0 Segue abaixo, o texto com a posi\u00e7\u00e3o da administra\u00e7\u00e3o em rela\u00e7\u00e3o \u00e0 necessidade de dragagem.<\/p>\n<p>&#8211; As condi\u00e7\u00f5es atuais da Ba\u00eda da Babitonga j\u00e1 possibilitaram que o Terminal de Itapo\u00e1 esteja hoje operando no limite de sua dimens\u00e3o e capacidade operacional.<\/p>\n<p>&#8211; O Porto de S\u00e3o Francisco do Sul j\u00e1 lan\u00e7ou edital para a dragagem de manuten\u00e7\u00e3o mantendo, assim, a profundidade de 14 metros j\u00e1 adquirida;<\/p>\n<p>&#8211; A dragagem do ber\u00e7o externo do TESC,\u00a0 \u00e9 de responsabilidade do pr\u00f3prio terminal do qual a LogZ \u00e9 s\u00f3cia. Apenas essa dragagem ampliaria em mais de 30% sua capacidade operacional. Esse investimento independe de novos investimentos p\u00fablicos.<\/p>\n<p>&#8211; A evolu\u00e7\u00e3o da atual profundidade de 14 metros para receber navios ainda maiores, implicar\u00e1 em vultuosos investimentos para a adequa\u00e7\u00e3o da geometria do canal externo. O Porto de S\u00e3o Francisco do Sul, em parceria com o Terminal de Itapo\u00e1, j\u00e1 iniciou estudos nesse sentido envolvendo a Secretaria de Portos atrav\u00e9s do Instituto Nacional de Pesquisas Hidrogr\u00e1ficas \u2013 INPH respons\u00e1vel por esse projeto.<\/p>\n<p>&#8211; O Porto de S\u00e3o Francisco do Sul acredita que a continuidade do trabalho em conjunto dos terminais com as autoridades governamentais \u00e9 importante para continuar garantindo a excel\u00eancia j\u00e1 reconhecida nacionalmente dos Portos e Terminais de Santa Catarina.<\/p>\n<p>Fonte: Click RBS<\/p>\n","protected":false},"excerpt":{"rendered":"<p>O Porto de S\u00e3o Francisco do Sul analisa as condi\u00e7\u00f5es da ba\u00eda da Babitonga.\u00a0 Segue abaixo, o texto com a posi\u00e7\u00e3o da administra\u00e7\u00e3o em rela\u00e7\u00e3o&#8230;<\/p>\n","protected":false},"author":1182,"featured_media":0,"comment_status":"closed","ping_status":"closed","sticky":false,"template":"","format":"standard","meta":{"footnotes":""},"categories":[6],"tags":[],"class_list":["post-11370","post","type-post","status-publish","format-standard","hentry","category-noticias"],"_links":{"self":[{"href":"https:\/\/www.sincomam.org.br\/index.php\/wp-json\/wp\/v2\/posts\/11370","targetHints":{"allow":["GET"]}}],"collection":[{"href":"https:\/\/www.sincomam.org.br\/index.php\/wp-json\/wp\/v2\/posts"}],"about":[{"href":"https:\/\/www.sincomam.org.br\/index.php\/wp-json\/wp\/v2\/types\/post"}],"author":[{"embeddable":true,"href":"https:\/\/www.sincomam.org.br\/index.php\/wp-json\/wp\/v2\/users\/1182"}],"replies":[{"embeddable":true,"href":"https:\/\/www.sincomam.org.br\/index.php\/wp-json\/wp\/v2\/comments?post=11370"}],"version-history":[{"count":1,"href":"https:\/\/www.sincomam.org.br\/index.php\/wp-json\/wp\/v2\/posts\/11370\/revisions"}],"predecessor-version":[{"id":11371,"href":"https:\/\/www.sincomam.org.br\/index.php\/wp-json\/wp\/v2\/posts\/11370\/revisions\/11371"}],"wp:attachment":[{"href":"https:\/\/www.sincomam.org.br\/index.php\/wp-json\/wp\/v2\/media?parent=11370"}],"wp:term":[{"taxonomy":"category","embeddable":true,"href":"https:\/\/www.sincomam.org.br\/index.php\/wp-json\/wp\/v2\/categories?post=11370"},{"taxonomy":"post_tag","embeddable":true,"href":"https:\/\/www.sincomam.org.br\/index.php\/wp-json\/wp\/v2\/tags?post=11370"}],"curies":[{"name":"wp","href":"https:\/\/api.w.org\/{rel}","templated":true}]}}