{"id":11346,"date":"2015-03-26T09:55:10","date_gmt":"2015-03-26T12:55:10","guid":{"rendered":"http:\/\/www.sincomam.org.br\/?p=11346"},"modified":"2015-03-26T09:55:10","modified_gmt":"2015-03-26T12:55:10","slug":"dilma-confirma-demissao-de-ministro-da-comunicacao-social","status":"publish","type":"post","link":"https:\/\/www.sincomam.org.br\/index.php\/dilma-confirma-demissao-de-ministro-da-comunicacao-social\/","title":{"rendered":"Dilma confirma demiss\u00e3o de ministro da Comunica\u00e7\u00e3o Social"},"content":{"rendered":"<p>O Pal\u00e1cio do Planalto informou, nesta quarta-feira, que o ministro Thomas Traumann pediu demiss\u00e3o da Secretaria de Comunica\u00e7\u00e3o Social (Secom), e a presidente Dilma Rousseff aceitou o pedido. Dilma, segundo nota, \u201cagradeceu a compet\u00eancia, dedica\u00e7\u00e3o e lealdade de Traumann no per\u00edodo como ministro e porta-voz\u201d. O secret\u00e1rio-executivo da Secom, Roberto Messias, assume interinamente o cargo.<\/p>\n<p>Na semana passada, vazou uma avalia\u00e7\u00e3o interna feita pelo ministro sobre o cen\u00e1rio pol\u00edtico e econ\u00f4mico brasileiro. A an\u00e1lise, enviada \u00e0 presidente, diz que a comunica\u00e7\u00e3o do governo \u00e9 \u201cerrada e err\u00e1tica\u201d e que o pa\u00eds vive um \u201ccaos pol\u00edtico\u201d.<\/p>\n<p>A informa\u00e7\u00e3o que circula no governo \u00e9 que Traumann ir\u00e1 para a Petrobras, cujo cargo de gerente de comunica\u00e7\u00e3o ficou vago, com a sa\u00edda de Wilson Santarosa. Na \u00faltima segunda-feira, a presidente reuniu a coordena\u00e7\u00e3o pol\u00edtica, cobrou mais integra\u00e7\u00e3o entre os minist\u00e9rios e melhoria na estrat\u00e9gia de comunica\u00e7\u00e3o do governo. Dilma debateu a comunica\u00e7\u00e3o do governo, mas Thomas n\u00e3o estava no encontro.<\/p>\n<p>&#8211; A quest\u00e3o da comunica\u00e7\u00e3o com a sociedade brasileira, em rela\u00e7\u00e3o aos principais temas tratados no governo, para que os ministros possam ter a mesma linguagem e ter uma estrat\u00e9gia de comunica\u00e7\u00e3o. N\u00e3o tem nenhum sentido n\u00f3s termos no mesmo dia dois ministros falando do mesmo tema, quando pode um ministro ir para um estado, outro ministro para outro estado. Ficou definido que, com a coordena\u00e7\u00e3o da Secom, vai haver essa organiza\u00e7\u00e3o da comunica\u00e7\u00e3o do governo, atrav\u00e9s dos ministros. Tamb\u00e9m foi ratificada a import\u00e2ncia de que a equipe econ\u00f4mica continue o seu trabalho de comunica\u00e7\u00e3o com o Congresso &#8211; afirmou o ministro das Cidades, Gilberto Kassab.<\/p>\n<p>Antes do pedido de demiss\u00e3o ser formalizado, a presidente Dilma pediu a emiss\u00e1rios que conversassem com Traumann e se ele se disporia a ficar no cargo, mesmo com o vazamento do documento com cr\u00edticas a sua gest\u00e3o. Se ele aceitasse ficar, o governo o auxiliaria a preparar a linha de abordagem do conte\u00fado do documento na ida ao Congresso para se explicar. A oposi\u00e7\u00e3o aprovou convite para Traumann explicar o uso das verbas de publicidade da Secretaria de Comunica\u00e7\u00e3o Social. Ele, no entanto, disse \u00e0 presidente que era hora de sair. Em dezembro passado, Traumann pediu demiss\u00e3o. Dilma n\u00e3o aceitou e ambos combinaram que ele ficaria no cargo at\u00e9 junho deste ano. O vazamento do epis\u00f3dio precipitou a sa\u00edda.<\/p>\n<p>H\u00e1 tr\u00eas nomes cotados para o cargo. O PT defende a indica\u00e7\u00e3o do deputado estadual Edinho Silva (SP), que foi tesoureiro da campanha de Dilma \u00e0 reelei\u00e7\u00e3o. O nome da prefer\u00eancia do ministro Aloizio Mercadante (Casa Civil) \u00e9 o do deputado Alessandro Molon (RJ). H\u00e1 movimentos no governo pela indica\u00e7\u00e3o de Am\u00e9rico Martins, vice-presidente da EBC.<\/p>\n<p>Fonte: O Globo \/ Luiza Dam\u00e9 e Simone Iglesias<\/p>\n","protected":false},"excerpt":{"rendered":"<p>O Pal\u00e1cio do Planalto informou, nesta quarta-feira, que o ministro Thomas Traumann pediu demiss\u00e3o da Secretaria de Comunica\u00e7\u00e3o Social (Secom), e a presidente Dilma Rousseff&#8230;<\/p>\n","protected":false},"author":1182,"featured_media":11260,"comment_status":"closed","ping_status":"closed","sticky":false,"template":"","format":"standard","meta":{"footnotes":""},"categories":[6],"tags":[],"class_list":["post-11346","post","type-post","status-publish","format-standard","has-post-thumbnail","hentry","category-noticias"],"_links":{"self":[{"href":"https:\/\/www.sincomam.org.br\/index.php\/wp-json\/wp\/v2\/posts\/11346","targetHints":{"allow":["GET"]}}],"collection":[{"href":"https:\/\/www.sincomam.org.br\/index.php\/wp-json\/wp\/v2\/posts"}],"about":[{"href":"https:\/\/www.sincomam.org.br\/index.php\/wp-json\/wp\/v2\/types\/post"}],"author":[{"embeddable":true,"href":"https:\/\/www.sincomam.org.br\/index.php\/wp-json\/wp\/v2\/users\/1182"}],"replies":[{"embeddable":true,"href":"https:\/\/www.sincomam.org.br\/index.php\/wp-json\/wp\/v2\/comments?post=11346"}],"version-history":[{"count":1,"href":"https:\/\/www.sincomam.org.br\/index.php\/wp-json\/wp\/v2\/posts\/11346\/revisions"}],"predecessor-version":[{"id":11347,"href":"https:\/\/www.sincomam.org.br\/index.php\/wp-json\/wp\/v2\/posts\/11346\/revisions\/11347"}],"wp:featuredmedia":[{"embeddable":true,"href":"https:\/\/www.sincomam.org.br\/index.php\/wp-json\/wp\/v2\/media\/11260"}],"wp:attachment":[{"href":"https:\/\/www.sincomam.org.br\/index.php\/wp-json\/wp\/v2\/media?parent=11346"}],"wp:term":[{"taxonomy":"category","embeddable":true,"href":"https:\/\/www.sincomam.org.br\/index.php\/wp-json\/wp\/v2\/categories?post=11346"},{"taxonomy":"post_tag","embeddable":true,"href":"https:\/\/www.sincomam.org.br\/index.php\/wp-json\/wp\/v2\/tags?post=11346"}],"curies":[{"name":"wp","href":"https:\/\/api.w.org\/{rel}","templated":true}]}}