{"id":11331,"date":"2015-03-25T08:02:41","date_gmt":"2015-03-25T11:02:41","guid":{"rendered":"http:\/\/www.sincomam.org.br\/?p=11331"},"modified":"2015-03-25T08:02:41","modified_gmt":"2015-03-25T11:02:41","slug":"dilma-envia-mp-que-estende-politica-de-valorizacao-do-salario-minimo-ate-2019","status":"publish","type":"post","link":"https:\/\/www.sincomam.org.br\/index.php\/dilma-envia-mp-que-estende-politica-de-valorizacao-do-salario-minimo-ate-2019\/","title":{"rendered":"Dilma envia MP que estende pol\u00edtica de valoriza\u00e7\u00e3o do sal\u00e1rio m\u00ednimo at\u00e9 2019"},"content":{"rendered":"<p>Ao assinar ontem (24) a medida provis\u00f3ria (MP) que estende a pol\u00edtica de reajuste do sal\u00e1rio m\u00ednimo at\u00e9 2019, a presidenta Dilma Rousseff disse que a decis\u00e3o do governo significa o reconhecimento de que as a\u00e7\u00f5es de crescimento da economia n\u00e3o se d\u00e3o \u201cem detrimento do trabalhador\u201d.<\/p>\n<p>Segundo ela, o envio de uma MP ao Congresso foi resultado do di\u00e1logo com senadores e deputados da base aliada. Isso foi necess\u00e1rio porque a MP passa a vigorar com for\u00e7a de lei, o que permite trabalhar com as novas proje\u00e7\u00f5es, quando for analisado o Or\u00e7amento deste ano.<\/p>\n<p>O Projeto de Lei 7.469\/14, que tramitava no Congresso Nacional com o mesmo teor, foi retirado de pauta nesta ter\u00e7a-feira, ap\u00f3s ter o texto-base aprovado, mas o governo n\u00e3o concordava com uma emenda que estendia a pol\u00edtica de corre\u00e7\u00e3o para os benef\u00edcios acima de um sal\u00e1rio m\u00ednimo pagos pela Previd\u00eancia Social.<\/p>\n<p>A presidenta lembrou que em 2011 outra medida provis\u00f3ria foi enviada ao Legislativo estendendo a pol\u00edtica daquela \u00e9poca at\u00e9 2015, e que agora tornou-se necess\u00e1ria essa a\u00e7\u00e3o por parte do governo. De acordo com ela, n\u00e3o h\u00e1 atropelo com rela\u00e7\u00e3o aos parlamentares, porque o governo est\u00e1 fazendo algo que lhe \u00e9 caracter\u00edstico: o \u201cdireito de iniciativa em algo que gera despesa\u201d.<\/p>\n<p>\u201cAgrade\u00e7o aos senhores deputados aqui presentes e aos senhores senadores, representando a base aliada. Agrade\u00e7o primeiro essa for\u00e7a para que a gente aprove e mande como medida provis\u00f3ria, medida de urg\u00eancia com vig\u00eancia imediata\u201d, disse a presidenta.<\/p>\n<p>Ao ressaltar que tem \u201cconsci\u00eancia da import\u00e2ncia\u201d das centrais sindicais presentes na cerim\u00f4nia de assinatura da MP (Nova Central Sindical dos Trabalhadores, Uni\u00e3o Geral dos Trabalhadores, For\u00e7a Sindical e Central \u00danica dos Trabalhadores), Dilma estendeu o agradecimento a todas as entidades sindicais, acrescentando que elas tiveram papel relevante na pol\u00edtica de valoriza\u00e7\u00e3o do sal\u00e1rio m\u00ednimo. \u201cForam todas as centrais que constru\u00edram essa pol\u00edtica, e isso resulta tamb\u00e9m em outra caracter\u00edstica importante que deve ser o patamar do qual n\u00f3s sempre vamos partir: o reconhecimento de que os movimentos sociais, as centrais e todos os movimentos que representam a parte organizada da popula\u00e7\u00e3o brasileira s\u00e3o muito importantes quando se trata de pol\u00edticas sociais.\u201d<\/p>\n<p>Fonte: Ag\u00eancia Brasil<\/p>\n","protected":false},"excerpt":{"rendered":"<p>Ao assinar ontem (24) a medida provis\u00f3ria (MP) que estende a pol\u00edtica de reajuste do sal\u00e1rio m\u00ednimo at\u00e9 2019, a presidenta Dilma Rousseff disse que&#8230;<\/p>\n","protected":false},"author":1182,"featured_media":11158,"comment_status":"closed","ping_status":"closed","sticky":false,"template":"","format":"standard","meta":{"footnotes":""},"categories":[6],"tags":[],"class_list":["post-11331","post","type-post","status-publish","format-standard","has-post-thumbnail","hentry","category-noticias"],"_links":{"self":[{"href":"https:\/\/www.sincomam.org.br\/index.php\/wp-json\/wp\/v2\/posts\/11331","targetHints":{"allow":["GET"]}}],"collection":[{"href":"https:\/\/www.sincomam.org.br\/index.php\/wp-json\/wp\/v2\/posts"}],"about":[{"href":"https:\/\/www.sincomam.org.br\/index.php\/wp-json\/wp\/v2\/types\/post"}],"author":[{"embeddable":true,"href":"https:\/\/www.sincomam.org.br\/index.php\/wp-json\/wp\/v2\/users\/1182"}],"replies":[{"embeddable":true,"href":"https:\/\/www.sincomam.org.br\/index.php\/wp-json\/wp\/v2\/comments?post=11331"}],"version-history":[{"count":1,"href":"https:\/\/www.sincomam.org.br\/index.php\/wp-json\/wp\/v2\/posts\/11331\/revisions"}],"predecessor-version":[{"id":11332,"href":"https:\/\/www.sincomam.org.br\/index.php\/wp-json\/wp\/v2\/posts\/11331\/revisions\/11332"}],"wp:featuredmedia":[{"embeddable":true,"href":"https:\/\/www.sincomam.org.br\/index.php\/wp-json\/wp\/v2\/media\/11158"}],"wp:attachment":[{"href":"https:\/\/www.sincomam.org.br\/index.php\/wp-json\/wp\/v2\/media?parent=11331"}],"wp:term":[{"taxonomy":"category","embeddable":true,"href":"https:\/\/www.sincomam.org.br\/index.php\/wp-json\/wp\/v2\/categories?post=11331"},{"taxonomy":"post_tag","embeddable":true,"href":"https:\/\/www.sincomam.org.br\/index.php\/wp-json\/wp\/v2\/tags?post=11331"}],"curies":[{"name":"wp","href":"https:\/\/api.w.org\/{rel}","templated":true}]}}