{"id":11328,"date":"2015-03-25T08:00:38","date_gmt":"2015-03-25T11:00:38","guid":{"rendered":"http:\/\/www.sincomam.org.br\/?p=11328"},"modified":"2015-03-25T08:00:38","modified_gmt":"2015-03-25T11:00:38","slug":"autoridades-retomam-busca-de-corpos-e-destrocos-de-aviao-nos-alpes-franceses","status":"publish","type":"post","link":"https:\/\/www.sincomam.org.br\/index.php\/autoridades-retomam-busca-de-corpos-e-destrocos-de-aviao-nos-alpes-franceses\/","title":{"rendered":"Autoridades retomam busca de corpos e destro\u00e7os de avi\u00e3o nos Alpes franceses"},"content":{"rendered":"<p><strong><em>Entre os milhares de peda\u00e7os da aeronave foi poss\u00edvel identificar apenas o trem de pouso. Os investigadores prosseguem com as buscas pela segunda caixa-preta<\/em><\/strong><\/p>\n<p>A perigosa opera\u00e7\u00e3o para recuperar os destro\u00e7os do avi\u00e3o da companhia alem\u00e3 Germanwings que caiu na ter\u00e7a-feira (24\/3) ao sul dos Alpes franceses com 150 pessoas a bordo, a maioria alem\u00e3es e espanh\u00f3is, foi retomada nesta quarta-feira (25\/3). A caixa-preta que registra as conversas dos pilotos est\u00e1 danificada, mas pode ser analisada informou \u00e0 AFP uma fonte pr\u00f3xima \u00e0 investiga\u00e7\u00e3o. Ela foi enviada a Paris para que seja analisada pelo Escrit\u00f3rio de Investiga\u00e7\u00e3o e An\u00e1lises (BEA, na sigla em ingl\u00eas).<\/p>\n<p>O ministro franc\u00eas do Interior, Bernard Cazeneuve, confirmou que a caixa-preta est\u00e1 danificada, mas o conte\u00fado pode ser utilizado. &#8220;Ser\u00e1 necess\u00e1rio reconstitu\u00ed-la&#8221;, disse. Ao mesmo tempo, o ministro explicou que o governo franc\u00eas n\u00e3o privilegia a hip\u00f3tese terrorista na investiga\u00e7\u00e3o das causas do acidente.<\/p>\n<p>Os investigadores prosseguem com as buscas pela segunda caixa-preta, a &#8220;FDR&#8221; (Flight Data Recorder), que grava os dados do voo segundo por segundo, uma tarefa que ser\u00e1 complexa em consequ\u00eancia da dispers\u00e3o de partes do avi\u00e3o em uma ampla \u00e1rea montanhosa de dif\u00edcil acesso entre Digne-les-Bains e Barcelonette (Alpes da Alta Proven\u00e7a).<\/p>\n<p>Segundo o general franc\u00eas David Galtier, &#8220;os peda\u00e7os de corpos humanos localizados n\u00e3o s\u00e3o maiores que uma pequena maleta&#8221;. Entre os milhares de peda\u00e7os da aeronave foi poss\u00edvel identificar apenas o trem de pouso, segundo um investigador, o que levanta a possibilidade de que o avi\u00e3o se desintegrou no choque com as paredes rochosas.<\/p>\n<p>A chanceler alem\u00e3, Angela Merkel, o presidente do governo espanhol, Mariano Rajoy, e o presidente franc\u00eas, Fran\u00e7ois Hollande, visitar\u00e3o o local da trag\u00e9dia, que conta com mais de 300 policiais e 100 bombeiros. Alemanha e Espanha s\u00e3o os pa\u00edses mais afetados pelo n\u00famero de v\u00edtimas.<\/p>\n<p>O Airbus A320 da Germanwings, uma companhia de baixo custo, filial da Lufthansa, caiu na ter\u00e7a-feira em uma \u00e1rea com montanhas que chegam a 3 mil metros de altura. A aeronave seguia de Barcelona (Espanha) para D\u00fcsseldorf (Alemanha) com 144 passageiros e seis membros da tripula\u00e7\u00e3o a bordo.<\/p>\n<p><strong>O pior acidente em 30 anos<\/strong><\/p>\n<p>A cat\u00e1strofe a\u00e9rea, que provocou uma grande como\u00e7\u00e3o na Europa, foi a pior registrada na Fran\u00e7a em mais de 30 anos. Na Espanha, o governo decretou tr\u00eas dias de luto nacional. Os reis Felipe VI e Letizia cancelaram uma visita de Estado \u00e0 Fran\u00e7a que havia come\u00e7ado poucas horas antes. Entre as v\u00edtimas est\u00e3o 67 alem\u00e3es, incluindo dois beb\u00eas e 16 adolescentes de Haltern (noroeste da Alemanha), que retornavam, ao lado de duas professoras, de um interc\u00e2mbio escolar na Espanha.<\/p>\n<p>&nbsp;<\/p>\n<p>Entre os passageiros estavam 45 pessoas com sobrenomes latinos, segundo a vice-presidente do governo espanhol, Soraya S\u00e1enz de Santamar\u00eda. Dois colombianos e dois argentinos estariam no voo, assim como tr\u00eas mexicanos, segundo a chancelaria do pa\u00eds. Dois australianos e pelo menos um belga tamb\u00e9m est\u00e3o entre as v\u00edtimas. Tamb\u00e9m est\u00e3o entre as v\u00edtimas dois cantores de \u00f3pera de D\u00fcsseldorf, o baixo-bar\u00edtono Oleg Bryjak, de 54 anos, e a contralto Maria Radner, 33, que viajava com o marido e seu beb\u00ea.<\/p>\n<p>A localidade de Seyne-les-Alpes aguarda a chegada dos parentes das v\u00edtimas. O tenente-coronel Jean-Marc M\u00e9nichini, da gendarmaria, informou que 30 investigadores e m\u00e9dicos legistas integrar\u00e3o as equipes nos helic\u00f3pteros de busca. A tarefa vai tomar pelo menos uma semana, advertiu. &#8220;O acesso ao local \u00e9 muito complicado. \u00c9 uma \u00e1rea de muitas montanhas, muito elevada e \u00e9 muito dif\u00edcil chegar no local no inverno, a n\u00e3o ser pelo ar&#8221;, disse Francoise Pie, morador da regi\u00e3o.<\/p>\n<p>Uma unidade de emerg\u00eancia m\u00e9dico-psicol\u00f3gica foi estabelecida no hospital de Digne-les-Bains e outra ser\u00e1 instalada em Seyne-les-Alpes, com int\u00e9rpretes de espanhol e de alem\u00e3o.<\/p>\n<p><strong>Hip\u00f3tese de terrorismo<\/strong><\/p>\n<p>No momento as causas do acidente s\u00e3o desconhecidas. Os pilotos do voo 4U9525 n\u00e3o enviaram nenhum sinal de problemas na aeronave. O governo franc\u00eas anunciou que n\u00e3o privilegia a hip\u00f3tese terrorista. &#8220;Todas as hip\u00f3teses devem ser consideradas at\u00e9 que a investiga\u00e7\u00e3o apresente resultados, mas a hip\u00f3tese terrorista n\u00e3o \u00e9 privilegiada&#8221;, disse o ministro do Interior, Bernard Cazeneuve, \u00e0 r\u00e1dio RTL.<\/p>\n<p>&#8220;H\u00e1 uma concentra\u00e7\u00e3o de partes do avi\u00e3o em um espa\u00e7o de um hectare e meio. \u00c9 um espa\u00e7o importante porque o impacto foi importante, mas isto mostra que o avi\u00e3o provavelmente n\u00e3o explodiu&#8221;, completou o ministro.<\/p>\n<p>A queda do avi\u00e3o, que tinha 25 anos e havia passado por uma revis\u00e3o h\u00e1 menos de dois anos, durou oito minutos, segundo a Germanwings. &#8220;No momento consideramos que foi um acidente e qualquer outra coisa \u00e9 mera especula\u00e7\u00e3o&#8221;, disse Heike Birlenbach, vice-presidente da Lufthansa.<\/p>\n<p>Fonte: Correio Braziliense \/ Foto: Reuters<\/p>\n","protected":false},"excerpt":{"rendered":"<p>Entre os milhares de peda\u00e7os da aeronave foi poss\u00edvel identificar apenas o trem de pouso. Os investigadores prosseguem com as buscas pela segunda caixa-preta A&#8230;<\/p>\n","protected":false},"author":1182,"featured_media":11329,"comment_status":"closed","ping_status":"closed","sticky":false,"template":"","format":"standard","meta":{"footnotes":""},"categories":[6],"tags":[],"class_list":["post-11328","post","type-post","status-publish","format-standard","has-post-thumbnail","hentry","category-noticias"],"_links":{"self":[{"href":"https:\/\/www.sincomam.org.br\/index.php\/wp-json\/wp\/v2\/posts\/11328","targetHints":{"allow":["GET"]}}],"collection":[{"href":"https:\/\/www.sincomam.org.br\/index.php\/wp-json\/wp\/v2\/posts"}],"about":[{"href":"https:\/\/www.sincomam.org.br\/index.php\/wp-json\/wp\/v2\/types\/post"}],"author":[{"embeddable":true,"href":"https:\/\/www.sincomam.org.br\/index.php\/wp-json\/wp\/v2\/users\/1182"}],"replies":[{"embeddable":true,"href":"https:\/\/www.sincomam.org.br\/index.php\/wp-json\/wp\/v2\/comments?post=11328"}],"version-history":[{"count":1,"href":"https:\/\/www.sincomam.org.br\/index.php\/wp-json\/wp\/v2\/posts\/11328\/revisions"}],"predecessor-version":[{"id":11330,"href":"https:\/\/www.sincomam.org.br\/index.php\/wp-json\/wp\/v2\/posts\/11328\/revisions\/11330"}],"wp:featuredmedia":[{"embeddable":true,"href":"https:\/\/www.sincomam.org.br\/index.php\/wp-json\/wp\/v2\/media\/11329"}],"wp:attachment":[{"href":"https:\/\/www.sincomam.org.br\/index.php\/wp-json\/wp\/v2\/media?parent=11328"}],"wp:term":[{"taxonomy":"category","embeddable":true,"href":"https:\/\/www.sincomam.org.br\/index.php\/wp-json\/wp\/v2\/categories?post=11328"},{"taxonomy":"post_tag","embeddable":true,"href":"https:\/\/www.sincomam.org.br\/index.php\/wp-json\/wp\/v2\/tags?post=11328"}],"curies":[{"name":"wp","href":"https:\/\/api.w.org\/{rel}","templated":true}]}}