{"id":11326,"date":"2015-03-25T07:58:13","date_gmt":"2015-03-25T10:58:13","guid":{"rendered":"http:\/\/www.sincomam.org.br\/?p=11326"},"modified":"2015-03-25T07:58:13","modified_gmt":"2015-03-25T10:58:13","slug":"agencia-sp-rebaixa-nota-da-odebrecht-oleo-e-gas-por-petrobras","status":"publish","type":"post","link":"https:\/\/www.sincomam.org.br\/index.php\/agencia-sp-rebaixa-nota-da-odebrecht-oleo-e-gas-por-petrobras\/","title":{"rendered":"Ag\u00eancia S&#038;P rebaixa nota da Odebrecht \u00d3leo e G\u00e1s por Petrobras"},"content":{"rendered":"<p>A ag\u00eancia internacional de classifica\u00e7\u00e3o de risco S&amp;P (Standard &amp; Poor&#8217;s) rebaixou nesta ter\u00e7a-feira (24) as notas de cr\u00e9dito da Odebrecht \u00d3leo e G\u00e1s, fornecedora de navios-sonda \u00e0 Petrobras e que j\u00e1 estava no chamado &#8220;grau especulativo&#8221; (com alta probabilidade de calote), de BB+ para BB-.<\/p>\n<p>O perfil de cr\u00e9dito individual da empresa tamb\u00e9m foi revisado para baixo, de bb para b+. A perspectiva das notas de cr\u00e9dito corporativo permanece est\u00e1vel. De acordo com a S&amp;P, o rebaixamento &#8220;reflete uma deteriora\u00e7\u00e3o na qualidade dos fluxos de caixa da Odebrecht \u00d3leo e G\u00e1s&#8221;.<\/p>\n<p>Os rebaixamentos acontecem um dia ap\u00f3s a ag\u00eancia cortar o a nota individual da Petrobras, que n\u00e3o leva em considera\u00e7\u00e3o o apoio do governo brasileiro, de bb para b+. Na ocasi\u00e3o, foi tamb\u00e9m colocada em perspectiva negativa a nota corporativa da Petrobras, que foi mantida em BBB- &#8211;\u00faltimo degrau considerado grau de investimento.<\/p>\n<p>&#8220;A Petrobras afretou [alugou para transporte] todos os navios de propriedade da Odebrecht \u00d3leo e G\u00e1s mediante contratos de longo prazo com prazos que variam entre sete e dez anos. Acreditamos que esses contratos constituem um componente-chave da qualidade de cr\u00e9dito de seus ativos operacionais&#8221;, diz a nota da S&amp;P.<\/p>\n<p>Fonte: Folhapress \/ Jornal do Com\u00e9rcio<\/p>\n","protected":false},"excerpt":{"rendered":"<p>A ag\u00eancia internacional de classifica\u00e7\u00e3o de risco S&amp;P (Standard &amp; Poor&#8217;s) rebaixou nesta ter\u00e7a-feira (24) as notas de cr\u00e9dito da Odebrecht \u00d3leo e G\u00e1s, fornecedora&#8230;<\/p>\n","protected":false},"author":1182,"featured_media":8110,"comment_status":"closed","ping_status":"closed","sticky":false,"template":"","format":"standard","meta":{"footnotes":""},"categories":[6],"tags":[],"class_list":["post-11326","post","type-post","status-publish","format-standard","has-post-thumbnail","hentry","category-noticias"],"_links":{"self":[{"href":"https:\/\/www.sincomam.org.br\/index.php\/wp-json\/wp\/v2\/posts\/11326","targetHints":{"allow":["GET"]}}],"collection":[{"href":"https:\/\/www.sincomam.org.br\/index.php\/wp-json\/wp\/v2\/posts"}],"about":[{"href":"https:\/\/www.sincomam.org.br\/index.php\/wp-json\/wp\/v2\/types\/post"}],"author":[{"embeddable":true,"href":"https:\/\/www.sincomam.org.br\/index.php\/wp-json\/wp\/v2\/users\/1182"}],"replies":[{"embeddable":true,"href":"https:\/\/www.sincomam.org.br\/index.php\/wp-json\/wp\/v2\/comments?post=11326"}],"version-history":[{"count":1,"href":"https:\/\/www.sincomam.org.br\/index.php\/wp-json\/wp\/v2\/posts\/11326\/revisions"}],"predecessor-version":[{"id":11327,"href":"https:\/\/www.sincomam.org.br\/index.php\/wp-json\/wp\/v2\/posts\/11326\/revisions\/11327"}],"wp:featuredmedia":[{"embeddable":true,"href":"https:\/\/www.sincomam.org.br\/index.php\/wp-json\/wp\/v2\/media\/8110"}],"wp:attachment":[{"href":"https:\/\/www.sincomam.org.br\/index.php\/wp-json\/wp\/v2\/media?parent=11326"}],"wp:term":[{"taxonomy":"category","embeddable":true,"href":"https:\/\/www.sincomam.org.br\/index.php\/wp-json\/wp\/v2\/categories?post=11326"},{"taxonomy":"post_tag","embeddable":true,"href":"https:\/\/www.sincomam.org.br\/index.php\/wp-json\/wp\/v2\/tags?post=11326"}],"curies":[{"name":"wp","href":"https:\/\/api.w.org\/{rel}","templated":true}]}}