{"id":11322,"date":"2015-03-25T07:48:24","date_gmt":"2015-03-25T10:48:24","guid":{"rendered":"http:\/\/www.sincomam.org.br\/?p=11322"},"modified":"2015-03-25T07:48:24","modified_gmt":"2015-03-25T10:48:24","slug":"porto-de-paranagua-reduz-consumo-de-agua-em-quase-60","status":"publish","type":"post","link":"https:\/\/www.sincomam.org.br\/index.php\/porto-de-paranagua-reduz-consumo-de-agua-em-quase-60\/","title":{"rendered":"Porto de Paranagu\u00e1 reduz consumo de \u00e1gua em quase 60%"},"content":{"rendered":"<p>A Administra\u00e7\u00e3o dos Portos de Paranagu\u00e1 e Antonina (Appa) apresentou nesta semana um relat\u00f3rio in\u00e9dito que aponta a redu\u00e7\u00e3o em 59% no volume de \u00e1gua consumido no Porto de Paranagu\u00e1. O levantamento foi divulgado para marcar o Dia Mundial da \u00c1gua, comemorado em 22 de mar\u00e7o.<\/p>\n<p>Em mar\u00e7o de 2014, os 49 locais onde existem sa\u00eddas de \u00e1gua no Porto geravam consumo de 18.501 mil metros c\u00fabicos de \u00e1gua, equivalentes ao valor de R$484.065.<\/p>\n<p>Ap\u00f3s a ado\u00e7\u00e3o de a\u00e7\u00f5es de conten\u00e7\u00e3o feitas pela diretoria da Appa o volume de \u00e1gua consumida caiu para 7.613 mil metros c\u00fabicos de \u00e1gua, o equivalente a R$217.875 mil, pagos neste m\u00eas de mar\u00e7o.<\/p>\n<p>Os gastos com a fatura ca\u00edram 55%, uma economia de R$2,4 milh\u00f5es por ano. \u201cFizemos nossa parte, j\u00e1 que cuidar da \u00e1gua \u00e9 um desafio para os administradores p\u00fablicos e para a sociedade\u201d, diz o diretor-presidente da Appa, Luiz Henrique Dividino.<\/p>\n<p><strong>MEDIDAS &#8211;<\/strong> Al\u00e9m das a\u00e7\u00f5es de conscientiza\u00e7\u00e3o dos funcion\u00e1rios e usu\u00e1rios do Porto, as obras de moderniza\u00e7\u00e3o, refor\u00e7o e aprofundamento do cais tamb\u00e9m contribuir\u00e3o para reduzir ainda mais o volume da \u00e1gua gasto diariamente.<\/p>\n<p>\u201cVamos instalar uma nova rede hidr\u00e1ulica, mais moderna, que evita vazamentos e prev\u00ea a economia de \u00e1gua. A atual rede foi constru\u00edda h\u00e1 mais de 40 anos\u201d, relata o diretor de Engenharia e Manuten\u00e7\u00e3o da Appa, Paulinho Dalmaz.<\/p>\n<p>Um projeto de reformula\u00e7\u00e3o de todos os pontos de hidrante instalados na faixa portu\u00e1ria tamb\u00e9m est\u00e1 inclu\u00eddo na reforma do cais.<\/p>\n<p>Um sistema de capta\u00e7\u00e3o de \u00e1gua da chuva \u00e9 outra novidade que integra o novo projeto hidr\u00e1ulico do Porto de Paranagu\u00e1. O primeiro local a receber o sistema ser\u00e1 o Silo P\u00fablico e a instala\u00e7\u00e3o ser\u00e1 coordenada pela Diretoria de Meio Ambiente da Appa.<\/p>\n<p>Toda a \u00e1gua da chuva captada ser\u00e1 reutilizada em lavagem de equipamentos, das ruas e das \u00e1reas externas do cais do Porto.<\/p>\n<p>De acordo com o diretor de Meio Ambiente da Appa, Marco Aur\u00e9lio Ziliotto, o programa est\u00e1 baseado em tr\u00eas pilares que incluem a racionaliza\u00e7\u00e3o do consumo de \u00e1gua, o monitoramento da qualidade e o reuso da \u00e1gua e a sua utiliza\u00e7\u00e3o para a\u00e7\u00f5es de limpeza. \u201cTudo isso est\u00e1 ligado ao mote da educa\u00e7\u00e3o para sustentabilidade, que cerca todos os nossos programas\u201d, mencionou Ziliotto.<\/p>\n<p><span>Fonte:Ag\u00eancia de Not\u00edcias do Paran\u00e1<\/span><\/p>\n","protected":false},"excerpt":{"rendered":"<p>A Administra\u00e7\u00e3o dos Portos de Paranagu\u00e1 e Antonina (Appa) apresentou nesta semana um relat\u00f3rio in\u00e9dito que aponta a redu\u00e7\u00e3o em 59% no volume de \u00e1gua&#8230;<\/p>\n","protected":false},"author":1182,"featured_media":0,"comment_status":"closed","ping_status":"closed","sticky":false,"template":"","format":"standard","meta":{"footnotes":""},"categories":[6],"tags":[],"class_list":["post-11322","post","type-post","status-publish","format-standard","hentry","category-noticias"],"_links":{"self":[{"href":"https:\/\/www.sincomam.org.br\/index.php\/wp-json\/wp\/v2\/posts\/11322","targetHints":{"allow":["GET"]}}],"collection":[{"href":"https:\/\/www.sincomam.org.br\/index.php\/wp-json\/wp\/v2\/posts"}],"about":[{"href":"https:\/\/www.sincomam.org.br\/index.php\/wp-json\/wp\/v2\/types\/post"}],"author":[{"embeddable":true,"href":"https:\/\/www.sincomam.org.br\/index.php\/wp-json\/wp\/v2\/users\/1182"}],"replies":[{"embeddable":true,"href":"https:\/\/www.sincomam.org.br\/index.php\/wp-json\/wp\/v2\/comments?post=11322"}],"version-history":[{"count":1,"href":"https:\/\/www.sincomam.org.br\/index.php\/wp-json\/wp\/v2\/posts\/11322\/revisions"}],"predecessor-version":[{"id":11323,"href":"https:\/\/www.sincomam.org.br\/index.php\/wp-json\/wp\/v2\/posts\/11322\/revisions\/11323"}],"wp:attachment":[{"href":"https:\/\/www.sincomam.org.br\/index.php\/wp-json\/wp\/v2\/media?parent=11322"}],"wp:term":[{"taxonomy":"category","embeddable":true,"href":"https:\/\/www.sincomam.org.br\/index.php\/wp-json\/wp\/v2\/categories?post=11322"},{"taxonomy":"post_tag","embeddable":true,"href":"https:\/\/www.sincomam.org.br\/index.php\/wp-json\/wp\/v2\/tags?post=11322"}],"curies":[{"name":"wp","href":"https:\/\/api.w.org\/{rel}","templated":true}]}}