{"id":11276,"date":"2015-03-23T09:45:49","date_gmt":"2015-03-23T12:45:49","guid":{"rendered":"http:\/\/www.sincomam.org.br\/?p=11276"},"modified":"2015-03-23T09:45:49","modified_gmt":"2015-03-23T12:45:49","slug":"falta-de-fiscal-em-porto-de-sc-emperra-saida-de-navio","status":"publish","type":"post","link":"https:\/\/www.sincomam.org.br\/index.php\/falta-de-fiscal-em-porto-de-sc-emperra-saida-de-navio\/","title":{"rendered":"Falta de fiscal em porto de SC emperra sa\u00edda de navio"},"content":{"rendered":"<p>Um navio carregado com 66 mil toneladas de soja da trading japonesa Marubeni est\u00e1 impedido de desatracar do porto de S\u00e3o Francisco do Sul (SC) por falta de fiscais dispon\u00edveis para a certifica\u00e7\u00e3o fitossanit\u00e1ria da carga.<\/p>\n<p>De acordo com Jos\u00e9 Kfouri, presidente do Terlogs, terminal adquirido pela trading em 2011, a embarca\u00e7\u00e3o com destino \u00e0 \u00c1sia aguardava ontem h\u00e1 mais de 24 horas a chegada de fiscais para a libera\u00e7\u00e3o, o que j\u00e1 havia gerado o pagamento de US$ 15 mil em &#8220;demourrage&#8221; e outros custos. &#8220;Os fiscais n\u00e3o podem inspecionar os por\u00f5es porque os carros [da superintend\u00eancia do Minist\u00e9rio da Agricultura em Santa Catarina] n\u00e3o t\u00eam licenciamento nem combust\u00edvel. \u00c9 um descaso. Oferecemos at\u00e9 dar carona, mas os fiscais n\u00e3o podem aceitar&#8221;, afirmou o executivo.<\/p>\n<p>Segundo o \u00f3rg\u00e3o, h\u00e1, de fato, falta da verba para o &#8220;pagamento de faturas&#8221; devido ao atraso de tr\u00eas meses na aprova\u00e7\u00e3o do Or\u00e7amento da Uni\u00e3o para 2015, efetivada apenas na ter\u00e7a-feira \u00e0 noite. Um servidor da superintend\u00eancia, que n\u00e3o quis se identificar, afirmou que o problema dever\u00e1 ser solucionado o mais r\u00e1pido poss\u00edvel. &#8220;Se nada ocorrer, haver\u00e1 um efeito domin\u00f3 de navios presos ao porto no momento mais importante da safra&#8221;, disse Kfouri. Ontem, um navio da americana Bunge come\u00e7ava a ser carregado com soja no porto.<\/p>\n<p>Para S\u00e9rgio Mendes, presidente da Associa\u00e7\u00e3o Nacional dos Exportadores de Cereais (Anec), essa \u00e9 uma realidade em S\u00e3o Francisco do Sul desde 2013, o que gera preocupa\u00e7\u00e3o por se tratar de um porto essencial para o escoamento de gr\u00e3os ao exterior. Em 2014, o porto catarinense embarcou 8 milh\u00f5es de toneladas de gr\u00e3os &#8211; e metade desse volume saiu do Terlogs.<\/p>\n<p>Fonte: Valor Econ\u00f4mico\/Bettina Barros | De S\u00e3o Paulo<\/p>\n","protected":false},"excerpt":{"rendered":"<p>Um navio carregado com 66 mil toneladas de soja da trading japonesa Marubeni est\u00e1 impedido de desatracar do porto de S\u00e3o Francisco do Sul (SC)&#8230;<\/p>\n","protected":false},"author":1182,"featured_media":0,"comment_status":"closed","ping_status":"closed","sticky":false,"template":"","format":"standard","meta":{"footnotes":""},"categories":[6],"tags":[],"class_list":["post-11276","post","type-post","status-publish","format-standard","hentry","category-noticias"],"_links":{"self":[{"href":"https:\/\/www.sincomam.org.br\/index.php\/wp-json\/wp\/v2\/posts\/11276","targetHints":{"allow":["GET"]}}],"collection":[{"href":"https:\/\/www.sincomam.org.br\/index.php\/wp-json\/wp\/v2\/posts"}],"about":[{"href":"https:\/\/www.sincomam.org.br\/index.php\/wp-json\/wp\/v2\/types\/post"}],"author":[{"embeddable":true,"href":"https:\/\/www.sincomam.org.br\/index.php\/wp-json\/wp\/v2\/users\/1182"}],"replies":[{"embeddable":true,"href":"https:\/\/www.sincomam.org.br\/index.php\/wp-json\/wp\/v2\/comments?post=11276"}],"version-history":[{"count":1,"href":"https:\/\/www.sincomam.org.br\/index.php\/wp-json\/wp\/v2\/posts\/11276\/revisions"}],"predecessor-version":[{"id":11277,"href":"https:\/\/www.sincomam.org.br\/index.php\/wp-json\/wp\/v2\/posts\/11276\/revisions\/11277"}],"wp:attachment":[{"href":"https:\/\/www.sincomam.org.br\/index.php\/wp-json\/wp\/v2\/media?parent=11276"}],"wp:term":[{"taxonomy":"category","embeddable":true,"href":"https:\/\/www.sincomam.org.br\/index.php\/wp-json\/wp\/v2\/categories?post=11276"},{"taxonomy":"post_tag","embeddable":true,"href":"https:\/\/www.sincomam.org.br\/index.php\/wp-json\/wp\/v2\/tags?post=11276"}],"curies":[{"name":"wp","href":"https:\/\/api.w.org\/{rel}","templated":true}]}}