{"id":11270,"date":"2015-03-23T09:31:07","date_gmt":"2015-03-23T12:31:07","guid":{"rendered":"http:\/\/www.sincomam.org.br\/?p=11270"},"modified":"2015-03-23T09:31:07","modified_gmt":"2015-03-23T12:31:07","slug":"marinha-reforca-acoes-de-monitoramento-em-santos","status":"publish","type":"post","link":"https:\/\/www.sincomam.org.br\/index.php\/marinha-reforca-acoes-de-monitoramento-em-santos\/","title":{"rendered":"Marinha refor\u00e7a a\u00e7\u00f5es de monitoramento em Santos"},"content":{"rendered":"<p>Para aumentar e garantir a fiscaliza\u00e7\u00e3o nas atividades relacionadas \u00e0 explora\u00e7\u00e3o de petr\u00f3leo, pesca e de prote\u00e7\u00e3o ambiental na regi\u00e3o de alto-mar do Estado, come\u00e7a a funcionar na \u00faltima sexta-feira(20) o novo N\u00facleo do Comando do Grupamento Naval do Sul-Sudeste. Com sede em Santos, o \u00f3rg\u00e3o tem a miss\u00e3o de refor\u00e7ar a seguran\u00e7a e o cumprimento de leis tamb\u00e9m em \u00e1reas abrigadas, como a do complexo portu\u00e1rio, considerado zona de seguran\u00e7a estrat\u00e9gica para a Marinha.<\/p>\n<p>A ativa\u00e7\u00e3o do novo n\u00facleo ocorre em meio ao crescimento da prospec\u00e7\u00e3o do \u00f3leo do pr\u00e9-sal na Bacia de Santos. O objetivo principal \u00e9 refor\u00e7ar o monitoramento da Autoridade Mar\u00edtima de regi\u00f5es afastadas 22 quil\u00f4metros da costa (12 milhas), \u00e1rea que ultrapassa a capacidade de patrulhamento da Capitania dos Portos. Para isso, tr\u00eas embarca\u00e7\u00f5es de maior autonomia ser\u00e3o utilizadas pelo novo posto. Uma delas \u00e9 o aviso patrulha (APa) Espadarte, transferido para a regi\u00e3o em 2014.<\/p>\n<p>As outras duas s\u00e3o outro aviso patrulha e um navio patrulha, cuja defini\u00e7\u00e3o deve ocorrer neste ano. As informa\u00e7\u00f5es s\u00e3o do comandante do grupamento, o capit\u00e3o de fragata S\u00e9rgio Renato Dantas.<\/p>\n<p>Deslocado de Bras\u00edlia para Santos em janeiro, Dantas \u00e9 o respons\u00e1vel por liderar os trabalhos de instala\u00e7\u00e3o do n\u00facleo. Ao lado dele, est\u00e1 uma equipe composta por outros dois oficiais e 12 pra\u00e7as \u2013 entre eles, h\u00e1 suboficiais, sargentos e marinheiros. Todos ficam na sede da Capitania, no Porto.<\/p>\n<p>Hoje, uma cerim\u00f4nia marca o in\u00edcio dos preparativos administrativos e log\u00edsticos para a ativa\u00e7\u00e3o do comando do grupamento. Ao lado do APa Espadarte, estar\u00e3o no cais da Marinha o navio patrulha oce\u00e2nico Araguari, o navio patrulha Gurupi e o aviso patrulha Barracuda. Juntos, eles simbolizam a esquadra que ficar\u00e1 sediada em Santos no futuro, subordinada ao grupamento Sul-Sudeste.<\/p>\n<p><strong>Mais agilidade<\/strong><\/p>\n<p>A consolida\u00e7\u00e3o desse n\u00facleo, ainda de acordo com o comandante Dantas, otimiza e agiliza as opera\u00e7\u00f5es da Marinha em mar aberto, agora coordenadas pelo 8\u00ba Distrito Naval (S\u00e3o Paulo). Motivo: depois de 12 milhas da costa, a responsabilidade ficava a cargo das equipes do 1\u00ba Distrito Naval (Rio de Janeiro). \u201cO tempo de resposta vai encurtar bastante para qualquer tipo de acionamento. Daqui, as embarca\u00e7\u00f5es v\u00e3o sair e chegar mais r\u00e1pido \u00e0s \u00e1reas de patrulha, por exemplo\u201d. Essa agilidade vale tamb\u00e9m para opera\u00e7\u00f5es de salvamar que precisam ser realizadas em longa dist\u00e2ncia, entre as costas norte e sul do Estado.<\/p>\n<p>Al\u00e9m disso, haver\u00e1 ainda o monitoramento de \u00e1reas de prote\u00e7\u00e3o ambiental, que passam a ficar sob observa\u00e7\u00e3o, tamb\u00e9m, pela Autoridade Mar\u00edtima, em parceria com o Instituto Brasileiro do Meio Ambiente e dos Recursos Naturais Renov\u00e1veis (Ibama). Agentes do \u00f3rg\u00e3o de prote\u00e7\u00e3o dever\u00e3o acompanhar as a\u00e7\u00f5es contra pesca ilegal, cumprimento de defeso e \u00e1reas de prote\u00e7\u00e3o.<\/p>\n<p>A parceria com outras entidades tamb\u00e9m se fortalecer\u00e1 em \u00e1reas abrigadas, como a regi\u00e3o do Porto de Santos. Sempre que preciso, afirma o capit\u00e3o de fragata, haver\u00e1 a uni\u00e3o de esfor\u00e7os com a Pol\u00edcia Federal e a Receita Federal para aumentar o cumprimento da legisla\u00e7\u00e3o no cais. \u00a0<\/p>\n<p>A embarca\u00e7\u00e3o Espadarte, por exemplo, possui equipamentos para realizar opera\u00e7\u00f5es durante a noite e madrugada, o que poder\u00e1 auxiliar a inibir atividades il\u00edcitas nas quais estejam envolvidos cargueiros e terminais mar\u00edtimos.<\/p>\n<p>Fonte: A Tribuna online\/Jos\u00e9 Claudio Pimentel<br \/>Foto: ilustrativa<\/p>\n","protected":false},"excerpt":{"rendered":"<p>Para aumentar e garantir a fiscaliza\u00e7\u00e3o nas atividades relacionadas \u00e0 explora\u00e7\u00e3o de petr\u00f3leo, pesca e de prote\u00e7\u00e3o ambiental na regi\u00e3o de alto-mar do Estado, come\u00e7a&#8230;<\/p>\n","protected":false},"author":1182,"featured_media":9775,"comment_status":"closed","ping_status":"closed","sticky":false,"template":"","format":"standard","meta":{"footnotes":""},"categories":[6],"tags":[1734,1373,15,1732,1733],"class_list":["post-11270","post","type-post","status-publish","format-standard","has-post-thumbnail","hentry","category-noticias","tag-ambiental","tag-areas","tag-marinha","tag-monitoramento","tag-protecao"],"_links":{"self":[{"href":"https:\/\/www.sincomam.org.br\/index.php\/wp-json\/wp\/v2\/posts\/11270","targetHints":{"allow":["GET"]}}],"collection":[{"href":"https:\/\/www.sincomam.org.br\/index.php\/wp-json\/wp\/v2\/posts"}],"about":[{"href":"https:\/\/www.sincomam.org.br\/index.php\/wp-json\/wp\/v2\/types\/post"}],"author":[{"embeddable":true,"href":"https:\/\/www.sincomam.org.br\/index.php\/wp-json\/wp\/v2\/users\/1182"}],"replies":[{"embeddable":true,"href":"https:\/\/www.sincomam.org.br\/index.php\/wp-json\/wp\/v2\/comments?post=11270"}],"version-history":[{"count":1,"href":"https:\/\/www.sincomam.org.br\/index.php\/wp-json\/wp\/v2\/posts\/11270\/revisions"}],"predecessor-version":[{"id":11271,"href":"https:\/\/www.sincomam.org.br\/index.php\/wp-json\/wp\/v2\/posts\/11270\/revisions\/11271"}],"wp:featuredmedia":[{"embeddable":true,"href":"https:\/\/www.sincomam.org.br\/index.php\/wp-json\/wp\/v2\/media\/9775"}],"wp:attachment":[{"href":"https:\/\/www.sincomam.org.br\/index.php\/wp-json\/wp\/v2\/media?parent=11270"}],"wp:term":[{"taxonomy":"category","embeddable":true,"href":"https:\/\/www.sincomam.org.br\/index.php\/wp-json\/wp\/v2\/categories?post=11270"},{"taxonomy":"post_tag","embeddable":true,"href":"https:\/\/www.sincomam.org.br\/index.php\/wp-json\/wp\/v2\/tags?post=11270"}],"curies":[{"name":"wp","href":"https:\/\/api.w.org\/{rel}","templated":true}]}}