{"id":11259,"date":"2015-03-20T10:12:22","date_gmt":"2015-03-20T13:12:22","guid":{"rendered":"http:\/\/www.sincomam.org.br\/?p=11259"},"modified":"2015-03-20T10:12:22","modified_gmt":"2015-03-20T13:12:22","slug":"pressionada-dilma-deve-fazer-alteracoes-no-ministerio-alem-da-pasta-da-educacao","status":"publish","type":"post","link":"https:\/\/www.sincomam.org.br\/index.php\/pressionada-dilma-deve-fazer-alteracoes-no-ministerio-alem-da-pasta-da-educacao\/","title":{"rendered":"Pressionada, Dilma deve fazer altera\u00e7\u00f5es no Minist\u00e9rio, al\u00e9m da pasta da Educa\u00e7\u00e3o"},"content":{"rendered":"<p><strong><em>Ex-presidente da C\u00e2mara Henrique Eduardo Alves pode assumir o Minist\u00e9rio do Turismo; Mercadante, o da Educa\u00e7\u00e3o<\/em><\/strong><\/p>\n<p>No dia seguinte \u00e0 sa\u00edda de Cid Gomes do Minist\u00e9rio da Educa\u00e7\u00e3o, a presidente Dilma Rousseff admitiu que mudan\u00e7as pontuais na sua equipe podem ocorrer. Tamb\u00e9m nesta quinta-feira, o PMDB anunciou que assumir\u00e1 uma posi\u00e7\u00e3o de descolamento do governo \u2014 que tem o peemedebista Michel Temer como vice \u2014, mas quer mudan\u00e7as na articula\u00e7\u00e3o pol\u00edtica e que o ex-presidente da C\u00e2mara Henrique Eduardo Alves assuma o Minist\u00e9rio do Turismo.<\/p>\n<p>No Rio, o gerente de Comunica\u00e7\u00e3o Institucional da Petrobras, Wilson Santarosa, foi demitido. Em meio \u00e0 crise do vazamento de documento com cr\u00edticas ao governo, o ministro Thomas Traumann (Comunica\u00e7\u00e3o Social) pode ser deslocado para a vaga. Alvo de cr\u00edticas do PT, a Secom deve ser ocupada por algu\u00e9m com perfil mais alinhado ao partido.<\/p>\n<p>Na manh\u00e3 desta quinta-feira, em entrevista, Dilma procurou minimizar as mudan\u00e7as e afirmou que reforma ministerial n\u00e3o \u00e9 \u201cpanaceia\u201d, e que far\u00e1 \u201cmudan\u00e7as pontuais\u201d. N\u00e3o disse, no entanto, a dimens\u00e3o das altera\u00e7\u00f5es.<\/p>\n<p>\u2014 Voc\u00eas (imprensa) est\u00e3o criando uma reforma no Minist\u00e9rio que n\u00e3o existe. S\u00e3o altera\u00e7\u00f5es pontuais. Eu estou fazendo uma altera\u00e7\u00e3o pontual. Eu n\u00e3o tenho perspectiva de alterar nada nem ningu\u00e9m, mas as circunst\u00e2ncias \u00e0s vezes obrigam voc\u00ea a alterar, como foi no caso do Minist\u00e9rio da Educa\u00e7\u00e3o \u2014 afirmou a presidente.<\/p>\n<p>Al\u00e9m de acomodar Henrique Alves no Turismo, o PMDB quer que Dilma aproveite a sa\u00edda de Cid Gomes para indicar Aloizio Mercadante (Casa Civil) para a Educa\u00e7\u00e3o, pasta que j\u00e1 comandou. Na avalia\u00e7\u00e3o dos peemedebistas, o trio palaciano formado por Mercadante, Miguel Rossetto (Secretaria Geral) e Pepe Vargas (Rela\u00e7\u00f5es Institucionais) n\u00e3o tem condi\u00e7\u00f5es de operar a rela\u00e7\u00e3o com a base aliada e com o Congresso.<\/p>\n<p>Apesar da press\u00e3o sobre Dilma para deslocar Mercadante de fun\u00e7\u00e3o, ela n\u00e3o se mostra disposta a tirar do Pal\u00e1cio do Planalto o ministro considerado seu bra\u00e7o-direito. Tamb\u00e9m n\u00e3o \u00e9 do estilo da presidente aceitar press\u00e3o. Ela pode deixar por semanas no comando da Educa\u00e7\u00e3o o secret\u00e1rio executivo Luiz Cl\u00e1udio Costa, e at\u00e9 mesmo trazer de volta ao cargo Jos\u00e9 Henrique Paim Filho, que saiu do MEC para dar lugar a Cid Gomes. A perman\u00eancia de Traumann na Secom ainda ser\u00e1 avaliada quando retornar dos Estados Unidos, onde est\u00e1 acompanhando a irm\u00e3, em tratamento de sa\u00fade. No fim do ano passado, quando o PT fez uma ofensiva sobre a pasta, por causa da verba publicit\u00e1ria, houve a possibilidade de Traumann ir para a Petrobras. Agora, com a demiss\u00e3o de Santarosa e pela proximidade do ministro com o presidente da estatal, Aldemir Bendine, o assunto voltou \u00e0 tona.<\/p>\n<p>Mercadante negou os rumores de sua volta para a Educa\u00e7\u00e3o:<\/p>\n<p>\u2014 N\u00e3o comento, tenho trabalho demais para me preocupar com essas coisas \u2014 disse, ap\u00f3s receber um pr\u00eamio na embaixada da Espanha.<\/p>\n<p>O ministro da Casa Civil tamb\u00e9m negou que a demiss\u00e3o de Cid tenha sido fruto de press\u00e3o do PMDB, que coordenou o enfrentamento ao ex-ministro, que foi \u00e0 C\u00e2mara explicar sua declara\u00e7\u00e3o de que h\u00e1 \u201c400 achacadores\u201d na Casa. O petista contou que Cid ligou imediatamente para ele, pediu uma audi\u00eancia com Dilma e seguiu da C\u00e2mara para o Planalto, onde explicou para a presidente que n\u00e3o tinha mais condi\u00e7\u00f5es de ficar no governo. Dilma concordou na hora.<\/p>\n<p>Na busca de maior protagonismo, a bancada do PMDB na C\u00e2mara anunciou ontem novas bandeiras no Congresso. O partido apoiar\u00e1 a redu\u00e7\u00e3o do n\u00famero de minist\u00e9rios, de 39 para 20; pedir\u00e1 que seja vetado o aumento do Fundo Partid\u00e1rio e trabalhar\u00e1 pela desonera\u00e7\u00e3o do \u00f3leo diesel. A pr\u00e1tica do PMDB, por\u00e9m, mostra um hist\u00f3rico contradit\u00f3rio sobre esses temas. O partido ocupa seis minist\u00e9rios e sempre reivindica mais espa\u00e7o. O presidente do Senado, Renan Calheiros (PMDB-AL), e o l\u00edder do PMDB na Casa, Eun\u00edcio Oliveira (CE), almo\u00e7aram no Pal\u00e1cio do Jaburu com o vice-presidente Michel Temer para analisar a situa\u00e7\u00e3o pol\u00edtica. Na conversa, falaram da necessidade de \u201crefunda\u00e7\u00e3o do governo\u201d.<\/p>\n<p>Para os peemedebistas, uma mudan\u00e7a ministerial \u00e9 a forma mais r\u00e1pida e f\u00e1cil de dar novo \u00e2nimo e nova cara \u00e0 gest\u00e3o Dilma. Com apenas tr\u00eas meses de vida, na opini\u00e3o da c\u00fapula peemedebista, a imagem do governo \u00e9 de fracasso. Al\u00e9m disso, o partido quer que as medidas de ajuste projetem uma perspectiva de crescimento e de melhora do cen\u00e1rio econ\u00f4mico.<\/p>\n<p>Fonte: O Globo \/ Simone Iglesias, Cristiane Jungblut, J\u00fania Gama e Catarina Alencastro<\/p>\n","protected":false},"excerpt":{"rendered":"<p>Ex-presidente da C\u00e2mara Henrique Eduardo Alves pode assumir o Minist\u00e9rio do Turismo; Mercadante, o da Educa\u00e7\u00e3o No dia seguinte \u00e0 sa\u00edda de Cid Gomes do&#8230;<\/p>\n","protected":false},"author":1182,"featured_media":11260,"comment_status":"closed","ping_status":"closed","sticky":false,"template":"","format":"standard","meta":{"footnotes":""},"categories":[6],"tags":[181,1365,1353,1730,188,1241],"class_list":["post-11259","post","type-post","status-publish","format-standard","has-post-thumbnail","hentry","category-noticias","tag-dilma","tag-educacao","tag-mec","tag-ministerial","tag-reforma","tag-turismo"],"_links":{"self":[{"href":"https:\/\/www.sincomam.org.br\/index.php\/wp-json\/wp\/v2\/posts\/11259","targetHints":{"allow":["GET"]}}],"collection":[{"href":"https:\/\/www.sincomam.org.br\/index.php\/wp-json\/wp\/v2\/posts"}],"about":[{"href":"https:\/\/www.sincomam.org.br\/index.php\/wp-json\/wp\/v2\/types\/post"}],"author":[{"embeddable":true,"href":"https:\/\/www.sincomam.org.br\/index.php\/wp-json\/wp\/v2\/users\/1182"}],"replies":[{"embeddable":true,"href":"https:\/\/www.sincomam.org.br\/index.php\/wp-json\/wp\/v2\/comments?post=11259"}],"version-history":[{"count":1,"href":"https:\/\/www.sincomam.org.br\/index.php\/wp-json\/wp\/v2\/posts\/11259\/revisions"}],"predecessor-version":[{"id":11261,"href":"https:\/\/www.sincomam.org.br\/index.php\/wp-json\/wp\/v2\/posts\/11259\/revisions\/11261"}],"wp:featuredmedia":[{"embeddable":true,"href":"https:\/\/www.sincomam.org.br\/index.php\/wp-json\/wp\/v2\/media\/11260"}],"wp:attachment":[{"href":"https:\/\/www.sincomam.org.br\/index.php\/wp-json\/wp\/v2\/media?parent=11259"}],"wp:term":[{"taxonomy":"category","embeddable":true,"href":"https:\/\/www.sincomam.org.br\/index.php\/wp-json\/wp\/v2\/categories?post=11259"},{"taxonomy":"post_tag","embeddable":true,"href":"https:\/\/www.sincomam.org.br\/index.php\/wp-json\/wp\/v2\/tags?post=11259"}],"curies":[{"name":"wp","href":"https:\/\/api.w.org\/{rel}","templated":true}]}}