{"id":11257,"date":"2015-03-20T09:58:07","date_gmt":"2015-03-20T12:58:07","guid":{"rendered":"http:\/\/www.sincomam.org.br\/?p=11257"},"modified":"2015-03-20T09:58:07","modified_gmt":"2015-03-20T12:58:07","slug":"porto-do-rio-grande-tem-aumento-na-movimentacao-de-86-no-primeiro-bimestre","status":"publish","type":"post","link":"https:\/\/www.sincomam.org.br\/index.php\/porto-do-rio-grande-tem-aumento-na-movimentacao-de-86-no-primeiro-bimestre\/","title":{"rendered":"Porto do Rio Grande tem aumento na movimenta\u00e7\u00e3o de 8,6% no primeiro bimestre"},"content":{"rendered":"<p>O Porto do Rio Grande registrou, no primeiro bimestre de 2015, um aumento na movimenta\u00e7\u00e3o total de cargas de 8,65% quando comparado ao ano 2014. O n\u00famero representa um acr\u00e9scimo de 303.485 toneladas. \u201cMesmo com as dificuldades encontradas no cen\u00e1rio global e tamb\u00e9m com a movimenta\u00e7\u00e3o nacional dos caminhoneiros, conseguimos obter crescimento\u201d, comemorou o superintendente do Porto do Rio Grande, Janir Branco. Desde 2013, o Porto registra aumento de movimenta\u00e7\u00e3o no mesmo per\u00edodo.<\/p>\n<p>Como destaque para o aumento do n\u00famero de cargas movimentadas em Rio Grande, est\u00e3o os gran\u00e9is s\u00f3lidos. No primeiro bimestre de 2014, passaram 1.642.511 toneladas enquanto em 2015 foram 2.182.713 toneladas. Entre os principais produtos que tiveram expressivo aumento est\u00e3o: farelo de soja lowpro (de 133.745 para 378.223 toneladas) e trigo (de 157.995 para 805.665 toneladas). Na movimenta\u00e7\u00e3o geral, o Porto passou de 3.504.941 (2014) para 3.808.426 toneladas em 2015. Em 2013, foram registradas 3.304.422 toneladas.<\/p>\n<p>Ambos os meses tiveram crescimento na movimenta\u00e7\u00e3o total de cargas. Janeiro passou de 1.550.662 para 1.849.252 toneladas. Fevereiro teve um pequeno acr\u00e9scimo, subindo de 1.954.279 para 1.959.174 toneladas. \u201cA nossa expectativa \u00e9 crescente quando analisamos os n\u00fameros, j\u00e1 que tivemos um bom primeiro bimestre. Com a perspectiva de uma grande safra de soja, o Porto do Rio Grande dever\u00e1 fechar o ano com um incremento em sua movimenta\u00e7\u00e3o de cargas gerando emprego, renda e receita para o Estado\u201d, conclui o superintendente. Em todo ano de 2014, o Porto do Rio Grande registrou mais de 34 milh\u00f5es de toneladas.<\/p>\n<p>Fonte: Jornal Agora (RS)<\/p>\n","protected":false},"excerpt":{"rendered":"<p>O Porto do Rio Grande registrou, no primeiro bimestre de 2015, um aumento na movimenta\u00e7\u00e3o total de cargas de 8,65% quando comparado ao ano 2014&#8230;.<\/p>\n","protected":false},"author":1182,"featured_media":0,"comment_status":"closed","ping_status":"closed","sticky":false,"template":"","format":"standard","meta":{"footnotes":""},"categories":[6],"tags":[1335,237,80,229],"class_list":["post-11257","post","type-post","status-publish","format-standard","hentry","category-noticias","tag-grande","tag-movimentacao","tag-porto","tag-rio"],"_links":{"self":[{"href":"https:\/\/www.sincomam.org.br\/index.php\/wp-json\/wp\/v2\/posts\/11257","targetHints":{"allow":["GET"]}}],"collection":[{"href":"https:\/\/www.sincomam.org.br\/index.php\/wp-json\/wp\/v2\/posts"}],"about":[{"href":"https:\/\/www.sincomam.org.br\/index.php\/wp-json\/wp\/v2\/types\/post"}],"author":[{"embeddable":true,"href":"https:\/\/www.sincomam.org.br\/index.php\/wp-json\/wp\/v2\/users\/1182"}],"replies":[{"embeddable":true,"href":"https:\/\/www.sincomam.org.br\/index.php\/wp-json\/wp\/v2\/comments?post=11257"}],"version-history":[{"count":1,"href":"https:\/\/www.sincomam.org.br\/index.php\/wp-json\/wp\/v2\/posts\/11257\/revisions"}],"predecessor-version":[{"id":11258,"href":"https:\/\/www.sincomam.org.br\/index.php\/wp-json\/wp\/v2\/posts\/11257\/revisions\/11258"}],"wp:attachment":[{"href":"https:\/\/www.sincomam.org.br\/index.php\/wp-json\/wp\/v2\/media?parent=11257"}],"wp:term":[{"taxonomy":"category","embeddable":true,"href":"https:\/\/www.sincomam.org.br\/index.php\/wp-json\/wp\/v2\/categories?post=11257"},{"taxonomy":"post_tag","embeddable":true,"href":"https:\/\/www.sincomam.org.br\/index.php\/wp-json\/wp\/v2\/tags?post=11257"}],"curies":[{"name":"wp","href":"https:\/\/api.w.org\/{rel}","templated":true}]}}