{"id":11255,"date":"2015-03-20T09:40:56","date_gmt":"2015-03-20T12:40:56","guid":{"rendered":"http:\/\/www.sincomam.org.br\/?p=11255"},"modified":"2015-03-20T09:40:56","modified_gmt":"2015-03-20T12:40:56","slug":"marinha-do-brasil-sofre-com-frota-envelhecida","status":"publish","type":"post","link":"https:\/\/www.sincomam.org.br\/index.php\/marinha-do-brasil-sofre-com-frota-envelhecida\/","title":{"rendered":"Marinha do Brasil sofre com frota envelhecida"},"content":{"rendered":"<p>Como uma dez maiores economias do mundo, o Brasil tem responsabilidades internacionais e, por isso, a Marinha comanda, desde 2011, a For\u00e7a Interina das Na\u00e7\u00f5es Unidas no L\u00edbano (Unifil, em ingl\u00eas) l\u00e1 mantendo permanentemente uma de suas fragatas. Para isso, em 14 de novembro de 2011 a fragata Uni\u00e3o foi a primeira a ser incorporada a essa miss\u00e3o de paz das Na\u00e7\u00f5es Unidas. O comando desta For\u00e7a Naval de Paz vem sendo de um almirante brasileiro, que exerce suas atividades a bordo da fragata.<\/p>\n<p>Mas a realidade \u00e9 dura. As fragatas nacionais, com 35 anos de servi\u00e7o, j\u00e1 mereceriam aposentadoria, e a Uni\u00e3o, sem muito alarde, pifou. Parte de seu sistema de propuls\u00e3o parou e a fragata est\u00e1 inoperante. As pe\u00e7as sobressalentes v\u00e3o ser levadas pelo navio patrulha oce\u00e2nico Apa, que, at\u00e9 o fim do conserto, ficar\u00e1 no lugar da fragata.<\/p>\n<p>O Apa \u00e9 apenas a op\u00e7\u00e3o que sobrou. Embora novo, comprado da inglesa BAe Systems e incorporado em 2012 ao Grupamento de Patrulha Naval do Sudeste, se destina apenas ao policiamento naval, n\u00e3o sendo capaz de substituir uma fragata, esta dotada de m\u00edsseis, torpedos e radares de uso militar. Isso traz \u00e0 tona uma parte dos problemas da Marinha agravados pela sistem\u00e1tica falta de or\u00e7amento. A opini\u00e3o p\u00fablica sabe da constru\u00e7\u00e3o de submarinos e pensa estar tudo bem, mas a realidade \u00e9 outra, pois a soberania no mar est\u00e1 amea\u00e7ada. Cada vez mais, o combativo pessoal dessa For\u00e7a Armada continua a ter que acreditar no velho ditado: \u201cDeus \u00e9 brasileiro e tem um filho na Marinha\u201d.<\/p>\n<p>Fonte: Monitor Mercantil\/Sergio Barreto Mota<br \/>Foto: ilustrativa<\/p>\n","protected":false},"excerpt":{"rendered":"<p>Como uma dez maiores economias do mundo, o Brasil tem responsabilidades internacionais e, por isso, a Marinha comanda, desde 2011, a For\u00e7a Interina das Na\u00e7\u00f5es&#8230;<\/p>\n","protected":false},"author":1182,"featured_media":4185,"comment_status":"closed","ping_status":"closed","sticky":false,"template":"","format":"standard","meta":{"footnotes":""},"categories":[6],"tags":[],"class_list":["post-11255","post","type-post","status-publish","format-standard","has-post-thumbnail","hentry","category-noticias"],"_links":{"self":[{"href":"https:\/\/www.sincomam.org.br\/index.php\/wp-json\/wp\/v2\/posts\/11255","targetHints":{"allow":["GET"]}}],"collection":[{"href":"https:\/\/www.sincomam.org.br\/index.php\/wp-json\/wp\/v2\/posts"}],"about":[{"href":"https:\/\/www.sincomam.org.br\/index.php\/wp-json\/wp\/v2\/types\/post"}],"author":[{"embeddable":true,"href":"https:\/\/www.sincomam.org.br\/index.php\/wp-json\/wp\/v2\/users\/1182"}],"replies":[{"embeddable":true,"href":"https:\/\/www.sincomam.org.br\/index.php\/wp-json\/wp\/v2\/comments?post=11255"}],"version-history":[{"count":1,"href":"https:\/\/www.sincomam.org.br\/index.php\/wp-json\/wp\/v2\/posts\/11255\/revisions"}],"predecessor-version":[{"id":11256,"href":"https:\/\/www.sincomam.org.br\/index.php\/wp-json\/wp\/v2\/posts\/11255\/revisions\/11256"}],"wp:featuredmedia":[{"embeddable":true,"href":"https:\/\/www.sincomam.org.br\/index.php\/wp-json\/wp\/v2\/media\/4185"}],"wp:attachment":[{"href":"https:\/\/www.sincomam.org.br\/index.php\/wp-json\/wp\/v2\/media?parent=11255"}],"wp:term":[{"taxonomy":"category","embeddable":true,"href":"https:\/\/www.sincomam.org.br\/index.php\/wp-json\/wp\/v2\/categories?post=11255"},{"taxonomy":"post_tag","embeddable":true,"href":"https:\/\/www.sincomam.org.br\/index.php\/wp-json\/wp\/v2\/tags?post=11255"}],"curies":[{"name":"wp","href":"https:\/\/api.w.org\/{rel}","templated":true}]}}