{"id":11222,"date":"2015-03-19T12:22:05","date_gmt":"2015-03-19T15:22:05","guid":{"rendered":"http:\/\/www.sincomam.org.br\/?p=11222"},"modified":"2015-03-19T12:39:23","modified_gmt":"2015-03-19T15:39:23","slug":"diretor-da-dpc-parabeniza-88-anos-do-sincomam","status":"publish","type":"post","link":"https:\/\/www.sincomam.org.br\/index.php\/diretor-da-dpc-parabeniza-88-anos-do-sincomam\/","title":{"rendered":"Diretor da DPC parabeniza o SINCOMAM pelos 88 anos de funda\u00e7\u00e3o"},"content":{"rendered":"<p>O Exmo. Sr. Diretor de Portos e Costas (DPC), Vice-Almirante Cl\u00e1udio Portugal de Viveiros, parabenizou o SINCOMAM \u2013 Sindicato Nacional dos Condutores da Marinha Mercante e Afins, atrav\u00e9s de nota enviada ao Presidente Alcir da Costa Albernoz, pela passagem dos 88 anos da institui\u00e7\u00e3o, que foi comemorado na \u00faltima quinta-feira, dia 12.<br \/><strong><br \/>Hist\u00f3ria do SINCOMAM<\/strong><\/p>\n<p>Fundado em 12 de mar\u00e7o de 1927, na cidade do Rio de Janeiro, o SINCOMAM abriu suas portas para a necessidade de uma organiza\u00e7\u00e3o que buscasse defender os interesses da categoria de Condutores de M\u00e1quinas e Amarradores da Marinha Mercante. Mas, apenas uma Matriz n\u00e3o era o suficiente. Assim sendo, iniciou-se o projeto de expans\u00e3o de Delegacias em todo o Brasil.<\/p>\n<p>Antes da evolu\u00e7\u00e3o da institui\u00e7\u00e3o, o presidente do SINCOMAM, Alcir da Costa Albernoz, conta que houve uma reconstru\u00e7\u00e3o da institui\u00e7\u00e3o, pois a mesma tinha sido vendida em leil\u00e3o e ainda possu\u00eda mais de dez penhoras. Na sequ\u00eancia, foi criado o CAAQ, ACOM, e o Sindicato passou a ser Nacional, (antes era interestadual). As conquistas n\u00e3o paravam de acontecer e o SINCOMAM conseguiu o aumento de compet\u00eancia do Condutor de 700 KW, para 1000KW, 3.000 KW e 5.000 KW. D\u00edvidas foram pagas, que perduravam h\u00e1 11 anos da administra\u00e7\u00e3o anterior.<\/p>\n<p>Albernoz relata que ap\u00f3s a reconquista do prest\u00edgio da categoria junto \u00e0s empresas de navega\u00e7\u00e3o, a outra meta era a qualifica\u00e7\u00e3o dos profissionais com cursos de aprimoramento e ascens\u00e3o profissional at\u00e9 OSM.\u00a0<\/p>\n<p>Diante de crescimento acelerado, o SINCOMAM criou as delegacias regionais que est\u00e3o localizadas nas cidades de Maca\u00e9 (RJ), \u00a0S\u00e3o Luiz (MA) e Bel\u00e9m (PA), al\u00e9m da sede no Rio de Janeiro (RJ).<\/p>\n<p>Fonte: SINCOMAM \/ DPC<\/p>\n","protected":false},"excerpt":{"rendered":"<p>O Exmo. Sr. Diretor de Portos e Costas (DPC), Vice-Almirante Cl\u00e1udio Portugal de Viveiros, parabenizou o SINCOMAM \u2013 Sindicato Nacional dos Condutores da Marinha Mercante&#8230;<\/p>\n","protected":false},"author":1182,"featured_media":11223,"comment_status":"closed","ping_status":"closed","sticky":false,"template":"","format":"standard","meta":{"footnotes":""},"categories":[1],"tags":[1727,20,1726,1092,146,1724,69,17,1725],"class_list":["post-11222","post","type-post","status-publish","format-standard","has-post-thumbnail","hentry","category-sem-categoria","tag-celebracao","tag-comemoracao","tag-costas","tag-diretoria","tag-dpc","tag-fundacao","tag-portos","tag-sincomam","tag-vice-almirante-viveiros"],"_links":{"self":[{"href":"https:\/\/www.sincomam.org.br\/index.php\/wp-json\/wp\/v2\/posts\/11222","targetHints":{"allow":["GET"]}}],"collection":[{"href":"https:\/\/www.sincomam.org.br\/index.php\/wp-json\/wp\/v2\/posts"}],"about":[{"href":"https:\/\/www.sincomam.org.br\/index.php\/wp-json\/wp\/v2\/types\/post"}],"author":[{"embeddable":true,"href":"https:\/\/www.sincomam.org.br\/index.php\/wp-json\/wp\/v2\/users\/1182"}],"replies":[{"embeddable":true,"href":"https:\/\/www.sincomam.org.br\/index.php\/wp-json\/wp\/v2\/comments?post=11222"}],"version-history":[{"count":5,"href":"https:\/\/www.sincomam.org.br\/index.php\/wp-json\/wp\/v2\/posts\/11222\/revisions"}],"predecessor-version":[{"id":11230,"href":"https:\/\/www.sincomam.org.br\/index.php\/wp-json\/wp\/v2\/posts\/11222\/revisions\/11230"}],"wp:featuredmedia":[{"embeddable":true,"href":"https:\/\/www.sincomam.org.br\/index.php\/wp-json\/wp\/v2\/media\/11223"}],"wp:attachment":[{"href":"https:\/\/www.sincomam.org.br\/index.php\/wp-json\/wp\/v2\/media?parent=11222"}],"wp:term":[{"taxonomy":"category","embeddable":true,"href":"https:\/\/www.sincomam.org.br\/index.php\/wp-json\/wp\/v2\/categories?post=11222"},{"taxonomy":"post_tag","embeddable":true,"href":"https:\/\/www.sincomam.org.br\/index.php\/wp-json\/wp\/v2\/tags?post=11222"}],"curies":[{"name":"wp","href":"https:\/\/api.w.org\/{rel}","templated":true}]}}