{"id":11199,"date":"2015-03-18T12:29:11","date_gmt":"2015-03-18T15:29:11","guid":{"rendered":"http:\/\/www.sincomam.org.br\/?p=11199"},"modified":"2015-03-18T12:29:11","modified_gmt":"2015-03-18T15:29:11","slug":"desempregados-do-polo-naval-pedem-apoio-ao-senado","status":"publish","type":"post","link":"https:\/\/www.sincomam.org.br\/index.php\/desempregados-do-polo-naval-pedem-apoio-ao-senado\/","title":{"rendered":"Desempregados do Polo Naval pedem apoio ao Senado"},"content":{"rendered":"<p><span>Os representantes da Associa\u00e7\u00e3o dos Desempregados do Polo Naval (Adepon), Jota Amaral e S\u00e9rgio Marques, estiveram ontem, ter\u00e7a (17), com o senador Lasier Martins (PDT) para pedir apoio em rela\u00e7\u00e3o \u00e0 retomada dos contratos para a constru\u00e7\u00e3o das plataformas P-75 e P-77.<\/span><\/p>\n<p><span>Eles relataram ao senador sobre encontro com o ministro das Minas e Energia, Eduardo Braga, que prop\u00f4s uma extens\u00e3o nos prazos do seguro-desemprego em Rio Grande e em cidades do Rio de Janeiro.<\/span><\/p>\n<p><span>Para o senador, a medida \u00e9 paliativa. Lasier defende como posi\u00e7\u00e3o do PDT que a presidente Dilma Rousseff chame os conselhos de administra\u00e7\u00e3o das empresas indiciadas, troque as diretorias investigadas e d\u00ea continuidade \u00e0s obras \u2013 sem preju\u00edzo do prosseguimento dos inqu\u00e9ritos pelo Minist\u00e9rio P\u00fablico Federal.<\/span><\/p>\n<p><span>Cerca de 500 desempregados do Polo Naval est\u00e3o em Bras\u00edlia desde domingo. Eles participaram dos protestos na Capital do Pa\u00eds para cobrar a sa\u00edda da petista e a constru\u00e7\u00e3o de novas plataformas no Estado. <\/span><\/p>\n<p><span>Fonte: Jornal Agora (RS)<\/span><\/p>\n","protected":false},"excerpt":{"rendered":"<p>Os representantes da Associa\u00e7\u00e3o dos Desempregados do Polo Naval (Adepon), Jota Amaral e S\u00e9rgio Marques, estiveram ontem, ter\u00e7a (17), com o senador Lasier Martins (PDT)&#8230;<\/p>\n","protected":false},"author":1182,"featured_media":3239,"comment_status":"closed","ping_status":"closed","sticky":false,"template":"","format":"standard","meta":{"footnotes":""},"categories":[1],"tags":[],"class_list":["post-11199","post","type-post","status-publish","format-standard","has-post-thumbnail","hentry","category-sem-categoria"],"_links":{"self":[{"href":"https:\/\/www.sincomam.org.br\/index.php\/wp-json\/wp\/v2\/posts\/11199","targetHints":{"allow":["GET"]}}],"collection":[{"href":"https:\/\/www.sincomam.org.br\/index.php\/wp-json\/wp\/v2\/posts"}],"about":[{"href":"https:\/\/www.sincomam.org.br\/index.php\/wp-json\/wp\/v2\/types\/post"}],"author":[{"embeddable":true,"href":"https:\/\/www.sincomam.org.br\/index.php\/wp-json\/wp\/v2\/users\/1182"}],"replies":[{"embeddable":true,"href":"https:\/\/www.sincomam.org.br\/index.php\/wp-json\/wp\/v2\/comments?post=11199"}],"version-history":[{"count":1,"href":"https:\/\/www.sincomam.org.br\/index.php\/wp-json\/wp\/v2\/posts\/11199\/revisions"}],"predecessor-version":[{"id":11200,"href":"https:\/\/www.sincomam.org.br\/index.php\/wp-json\/wp\/v2\/posts\/11199\/revisions\/11200"}],"wp:featuredmedia":[{"embeddable":true,"href":"https:\/\/www.sincomam.org.br\/index.php\/wp-json\/wp\/v2\/media\/3239"}],"wp:attachment":[{"href":"https:\/\/www.sincomam.org.br\/index.php\/wp-json\/wp\/v2\/media?parent=11199"}],"wp:term":[{"taxonomy":"category","embeddable":true,"href":"https:\/\/www.sincomam.org.br\/index.php\/wp-json\/wp\/v2\/categories?post=11199"},{"taxonomy":"post_tag","embeddable":true,"href":"https:\/\/www.sincomam.org.br\/index.php\/wp-json\/wp\/v2\/tags?post=11199"}],"curies":[{"name":"wp","href":"https:\/\/api.w.org\/{rel}","templated":true}]}}