{"id":11197,"date":"2015-03-18T12:27:44","date_gmt":"2015-03-18T15:27:44","guid":{"rendered":"http:\/\/www.sincomam.org.br\/?p=11197"},"modified":"2015-03-18T12:27:44","modified_gmt":"2015-03-18T15:27:44","slug":"santos-sera-sede-do-nucleo-do-comando-do-grupamento-naval-do-sul-sudeste","status":"publish","type":"post","link":"https:\/\/www.sincomam.org.br\/index.php\/santos-sera-sede-do-nucleo-do-comando-do-grupamento-naval-do-sul-sudeste\/","title":{"rendered":"Santos ser\u00e1 sede do N\u00facleo do Comando do Grupamento Naval do Sul-Sudeste"},"content":{"rendered":"<p>A cidade de Santos ser\u00e1 sede, a partir desta semana, do N\u00facleo do Comando do Grupamento Naval do Sul-Sudeste. O Comando do 8\u00ba Distrito Naval dar\u00e1 in\u00edcio \u00e0s opera\u00e7\u00f5es do \u00f3rg\u00e3o, oficialmente, em cerim\u00f4nia marcada para as 10 horas de sexta-feira (20), no Cais da Marinha. O comandante de Opera\u00e7\u00f5es Navais, Almirante de Esquadra, Elis Treidler \u00d6berg estar\u00e1 presente.<\/p>\n<p>O grupamento ter\u00e1 como tarefas ampliar a fiscaliza\u00e7\u00e3o de atividades relacionadas a explora\u00e7\u00e3o de petr\u00f3leo, pesca e prote\u00e7\u00e3o ambiental em sua \u00e1rea de abrang\u00eancia \u2013 as \u00e1guas brasileiras em uma dist\u00e2ncia superior a 12 milhas n\u00e1uticas, o equivalente a 22,2 quil\u00f4metros. Os planos incluem garantir a seguran\u00e7a no entorno das atividades de extra\u00e7\u00e3o de petr\u00f3leo na camada pr\u00e9-sal da Bacia de Santos.<\/p>\n<p>A instala\u00e7\u00e3o da unidade militar ser\u00e1 feita em etapas. Inicialmente, o grupamento funcionar\u00e1 em uma instala\u00e7\u00e3o provis\u00f3ria na sede da Capitania dos Portos do Estado, entre os armaz\u00e9ns 27 e 29. O pr\u00e9dio definitivo ser\u00e1 constru\u00eddo pela Dersa, em uma \u00e1rea de 800 metros quadrados, como uma compensa\u00e7\u00e3o pelos impactos da constru\u00e7\u00e3o do planejado t\u00fanel submerso entre Santos e Guaruj\u00e1.<\/p>\n<p>Outra atividade que embarca\u00e7\u00f5es poder\u00e3o fazer na \u00e1rea de jurisdi\u00e7\u00e3o do grupamento \u00e9 a patrulha nas regi\u00f5es pr\u00f3ximas \u00e0s plataformas. Nesses locais, h\u00e1 um per\u00edmetro de 500 metros que deve ser protegido.<\/p>\n<p>Um dos problemas que poder\u00e3o ser evitados pelas patrulhas \u00e9 a a\u00e7\u00e3o de barcos pesqueiros perto das plataformas. Motivo: h\u00e1 situa\u00e7\u00f5es em que o equipamento de explora\u00e7\u00e3o descarta material org\u00e2nico triturado no mar, o que acaba atraindo peixes e, consequentemente, pescadores.<\/p>\n<p>Quando isso ocorre, a Petrobras fotografa as embarca\u00e7\u00f5es e informa a atividade, il\u00edcita, \u00e0 Marinha. Enquanto n\u00e3o se inaugura o Grupamento de Patrulha Naval em Santos, notifica\u00e7\u00f5es do g\u00eanero v\u00eam sendo feitas no 8\u00ba Distrito Naval, na Capital. Este encaminha a demanda ao 1\u00ba Distrito Naval, situado no Rio de Janeiro e respons\u00e1vel pela patrulha em \u00e1guas mais profundas.<\/p>\n<p>Fonte: A Tribuna online<\/p>\n","protected":false},"excerpt":{"rendered":"<p>A cidade de Santos ser\u00e1 sede, a partir desta semana, do N\u00facleo do Comando do Grupamento Naval do Sul-Sudeste. O Comando do 8\u00ba Distrito Naval&#8230;<\/p>\n","protected":false},"author":1182,"featured_media":9404,"comment_status":"closed","ping_status":"closed","sticky":false,"template":"","format":"standard","meta":{"footnotes":""},"categories":[1],"tags":[],"class_list":["post-11197","post","type-post","status-publish","format-standard","has-post-thumbnail","hentry","category-sem-categoria"],"_links":{"self":[{"href":"https:\/\/www.sincomam.org.br\/index.php\/wp-json\/wp\/v2\/posts\/11197","targetHints":{"allow":["GET"]}}],"collection":[{"href":"https:\/\/www.sincomam.org.br\/index.php\/wp-json\/wp\/v2\/posts"}],"about":[{"href":"https:\/\/www.sincomam.org.br\/index.php\/wp-json\/wp\/v2\/types\/post"}],"author":[{"embeddable":true,"href":"https:\/\/www.sincomam.org.br\/index.php\/wp-json\/wp\/v2\/users\/1182"}],"replies":[{"embeddable":true,"href":"https:\/\/www.sincomam.org.br\/index.php\/wp-json\/wp\/v2\/comments?post=11197"}],"version-history":[{"count":1,"href":"https:\/\/www.sincomam.org.br\/index.php\/wp-json\/wp\/v2\/posts\/11197\/revisions"}],"predecessor-version":[{"id":11198,"href":"https:\/\/www.sincomam.org.br\/index.php\/wp-json\/wp\/v2\/posts\/11197\/revisions\/11198"}],"wp:featuredmedia":[{"embeddable":true,"href":"https:\/\/www.sincomam.org.br\/index.php\/wp-json\/wp\/v2\/media\/9404"}],"wp:attachment":[{"href":"https:\/\/www.sincomam.org.br\/index.php\/wp-json\/wp\/v2\/media?parent=11197"}],"wp:term":[{"taxonomy":"category","embeddable":true,"href":"https:\/\/www.sincomam.org.br\/index.php\/wp-json\/wp\/v2\/categories?post=11197"},{"taxonomy":"post_tag","embeddable":true,"href":"https:\/\/www.sincomam.org.br\/index.php\/wp-json\/wp\/v2\/tags?post=11197"}],"curies":[{"name":"wp","href":"https:\/\/api.w.org\/{rel}","templated":true}]}}