{"id":11193,"date":"2015-03-18T12:21:26","date_gmt":"2015-03-18T15:21:26","guid":{"rendered":"http:\/\/www.sincomam.org.br\/?p=11193"},"modified":"2015-03-18T12:21:26","modified_gmt":"2015-03-18T15:21:26","slug":"atencao-28-concursos-pagam-salarios-entre-r-5-mil-e-r-277-mil","status":"publish","type":"post","link":"https:\/\/www.sincomam.org.br\/index.php\/atencao-28-concursos-pagam-salarios-entre-r-5-mil-e-r-277-mil\/","title":{"rendered":"Aten\u00e7\u00e3o: 28 concursos pagam sal\u00e1rios entre R$ 5 mil e R$ 27,7 mil"},"content":{"rendered":"<p>Para quem quer seguir carreira p\u00fablica, veja os concursos p\u00fablicos com inscri\u00e7\u00f5es abertas. As oportunidades profissionais est\u00e3o espalhadas por todas as regi\u00f5es do pa\u00eds.<\/p>\n<p><em><strong>SUL E SUDESTE<\/strong><\/em><\/p>\n<p><strong>SP &#8211; Tribunal de Justi\u00e7a de S\u00e3o Paulo\u00a0<br \/> <\/strong>O concurso prev\u00ea a contrata\u00e7\u00e3o de dois estat\u00edsticos judici\u00e1rios. \u00c9 exigido dos candidatos que tenham gradua\u00e7\u00e3o em estat\u00edstica numa institui\u00e7\u00e3o reconhecida pelo MEC, diploma registrado no \u00f3rg\u00e3o competente e registro no Conselho Regional de Estat\u00edstica da 3\u00aa Regi\u00e3o.<\/p>\n<p><strong>Sal\u00e1rio<\/strong>: \u00a06.309,90 reais\u00a0<br \/> <strong>Inscri\u00e7\u00f5es<\/strong>:\u00a0at\u00e9 20 de mar\u00e7o tamb\u00e9m pelo\u00a0site da Vunesp<\/p>\n<p><strong>SP &#8211; Prefeitura de Campina do Monte Alegre\u00a0<\/strong><\/p>\n<p>S\u00e3o 77 oportunidades, ao todo. H\u00e1 vagas para m\u00e9dico, nutricionista, engenheiro agr\u00f4nomo, assistente social, contador, professores, entre outras.<\/p>\n<p><strong>Sal\u00e1rio<\/strong>: at\u00e9 5.371,65 reais<br \/> <strong>Inscri\u00e7\u00f5es:<\/strong>\u00a0at\u00e9 23 de mar\u00e7o pelo site SH Dias\u00a0<\/p>\n<p><strong>SP &#8211; Minist\u00e9rio P\u00fablico de S\u00e3o Paulo<br \/> <\/strong>S\u00e3o 80 vagas para promotor de justi\u00e7a substituto. Al\u00e9m da forma\u00e7\u00e3o em Direito, os candidatos devem ter pelo menos tr\u00eas anos de atividade jur\u00eddica no curr\u00edculo.<\/p>\n<p><strong>Sal\u00e1rio:<\/strong>\u00a0n\u00e3o informado<br \/> <strong>Inscri\u00e7\u00f5es:<\/strong>\u00a0at\u00e9 31 de mar\u00e7o pelo site do MPSP<\/p>\n<p><strong>SP &#8211; Prefeitura de Birigui<br \/> <\/strong>S\u00e3o 294 vagas. H\u00e1 oportunidades para m\u00e9dico, engenheiro civil, fonoaudi\u00f3logo, professor, etc.<\/p>\n<p><strong>Sal\u00e1rio<\/strong>: at\u00e9 13.140 reais<br \/> <strong>Inscri\u00e7\u00f5es<\/strong>: at\u00e9 3 de abril pelo site Aplicativa Assessoria<\/p>\n<p><strong>SP &#8211; Prefeitura de Itapevi<\/strong><br \/> S\u00e3o 96 vagas para todos os n\u00edveis, divididas em 2 editais. O primeiro tem oportunidades para guarda municipal. O segundo traz vagas para analista do executivo nas especialidades de arquitetura e urbanismo e engenharia civil, especialista em sa\u00fade em endocrinologista, geriatra, neurologista, pediatra socorrista, psiquiatra e urg\u00eancia emerg\u00eancia, e professor de educa\u00e7\u00e3o b\u00e1sica I e professor de educa\u00e7\u00e3o b\u00e1sica II nas disciplinas de artes e educa\u00e7\u00e3o f\u00edsica.<\/p>\n<p><strong>Sal\u00e1rio<\/strong>: at\u00e9 5.951,26 reais<br \/> <strong>Inscri\u00e7\u00f5es<\/strong>: at\u00e9 6 de abril pela consultoria SH Dias<\/p>\n<p><strong>SP &#8211; Prefeitura de S\u00e3o Jos\u00e9 dos Campos\u00a0<\/strong><br \/> S\u00e3o 60 oportunidades para todos os n\u00edveis de escolaridade. H\u00e1 oportunidades para engenheiros, auditor tribut\u00e1rio, analistas, entre outras.<\/p>\n<p><strong>Sal\u00e1rio<\/strong>: at\u00e9 5.303,19 reais<br \/> <strong>Inscri\u00e7\u00f5es<\/strong>: at\u00e9 7 de abril pelo site da Vunesp<\/p>\n<p><strong>SP MG RS Empresa Brasileira de Servi\u00e7os Hospitalares (EBSERH)<\/strong><br \/> Para a Universidade Federal de Pelotas (UFPEL), s\u00e3o 3 editais. No edital 02, as vagas s\u00e3o para m\u00e9dicos, em diversas especialidades. No edital 03 s\u00e3o 435 vagas, com oportunidades para enfermeiros, psic\u00f3logos, nutricionista, pedagogo, cirurgi\u00e3o dentista, f\u00edsico, entre outras. No edital 04, s\u00e3o 84 vagas direcionadas \u00e0 \u00e1rea administrativa, com oportunidades para engenheiros, analistas em diversas especialidades.\u00a0<br \/> Para a Universidade Federal de S\u00e3o Carlos (UfsCar), tamb\u00e9m s\u00e3o 3 editais. No edital 02, s\u00e3o 60 oportunidades para a \u00e1rea m\u00e9dica, em diversas especialidades. No edital 03, s\u00e3o 137 vagas na \u00e1rea assistencial, com vagas para enfermeiro, assistente social, pedagogo, psic\u00f3logo, entre outras. No edital 04, s\u00e3o 29 oportunidades na \u00e1rea administrativa, com vagas para engenheiros, analistas, entre outros.<br \/> Para a Universidade Federal de Juiz de Fora (UFJF), novamente, mais 3 editais. No edital 02, s\u00e3o 217 oportunidades na \u00e1rea m\u00e9dica, em diversas especialidades. No edital 03, s\u00e3o 612 vagas na \u00e1rea assistencial, com oportunidades para fisioterapeuta, nutricionista, psic\u00f3logos, entre outras. No edital 04, s\u00e3o 100 vagas para a \u00e1rea administrativa. H\u00e1 vagas para analista em diversas especialidades e tamb\u00e9m para engenheiros.<\/p>\n<p><strong>Sal\u00e1rio<\/strong>: at\u00e9 8.252,10 reais<br \/> <strong>Inscri\u00e7\u00f5es:<\/strong>\u00a0pelo site do Instituto AOCP \u00a0Os prazos variam conforme a universidade: at\u00e9 9 de abril para a UfsCar, at\u00e9 16 de abril para a UFPEL e at\u00e9 29 de abril para a UFJF.<\/p>\n<p><strong>MG &#8211; Prefeitura de Rubelita<br \/> <\/strong>H\u00e1 123 vagas, al\u00e9m de cadastro reserva, para todos os n\u00edveis de escolaridade, inclusive para bioqu\u00edmico, professor, engenheiro civil, fisioterapeuta, m\u00e9dico, odont\u00f3logo, entre outros.<\/p>\n<p><strong>Sal\u00e1rio:\u00a0<\/strong>at\u00e9 6.400 reais<strong><br \/> Inscri\u00e7\u00f5es:\u00a0<\/strong>at\u00e9\u00a020 de mar\u00e7o pelo site da Cotec<\/p>\n<p><strong>MG &#8211;\u00a0Universidade Federal de Minas Gerais<br \/> <\/strong>O processo seletivo visa preencher quatro vagas de professor adjunto, no Instituto de Ci\u00eancias Agr\u00e1rias, em Montes Claros (MG), nas \u00e1reas de Entomologia Florestal e Manejo Integrado de Pragas Florestais; Per\u00edcias, Licenciamento, Certifica\u00e7\u00e3o e Seguran\u00e7a do Trabalho Florestal; Planejamento, Otimiza\u00e7\u00e3o e Regula\u00e7\u00e3o Florestal e Floricultura, Paisagismo e Jardinagem.<\/p>\n<p><strong>Sal\u00e1rio:\u00a0<\/strong>at\u00e9 8.344,64 reais<br \/> <strong>Inscri\u00e7\u00f5es:\u00a0<\/strong>os prazos\u00a0variam conforme a vaga: 23 de mar\u00e7o para Floricultura, Paisagismo e Jardinagem; e 27 de mar\u00e7o para Entomologia Florestal e Manejo Integrado de Pragas Florestais; Per\u00edcias, Licenciamento, Certifica\u00e7\u00e3o e Seguran\u00e7a do Trabalho Florestal; Planejamento, Otimiza\u00e7\u00e3o e Regula\u00e7\u00e3o Florestal.\u00a0Os candidatos devem se inscrever na Secretaria Geral do Instituto, das 8h \u00e0s 11h e das 14h \u00e0s 16h, nos dias \u00fateis, ou por procura\u00e7\u00e3o. Mais informa\u00e7\u00f5es est\u00e3o no site do Instituto.<\/p>\n<p><strong>MG &#8211; Prefeitura de Nova Resende<\/strong><br \/> S\u00e3o 43 oportunidades para todos os n\u00edveis. H\u00e1 vagas para m\u00e9dico, farmac\u00eautico, enfermeiro, professor, entre outras.<\/p>\n<p><strong>Sal\u00e1rio<\/strong>: at\u00e9 7.650,50 reais<br \/> <strong>Inscri\u00e7\u00f5es<\/strong>: at\u00e9 31 de mar\u00e7o pelo site Tend\u00eancias Concursos<\/p>\n<p><strong>MG &#8211; Prefeitura de Belo Horizonte<br \/> <\/strong>S\u00e3o 731 vagas em cargos de n\u00edveis m\u00e9dio\/t\u00e9cnico e superior. Os cargos para quem tem n\u00edvel superior s\u00e3o para cirurgi\u00e3o dentista, enfermeiro, m\u00e9dico, t\u00e9cnico superior de sa\u00fade e engenheiro.<\/p>\n<p><strong>Sal\u00e1rio:<\/strong>\u00a0at\u00e9\u00a07.768,34 reais<strong><br \/> Inscri\u00e7\u00f5es:\u00a0<\/strong>at\u00e9 2 de abril pelo site do IBFC<\/p>\n<p><strong>MG &#8211; Prefeitura de Ara\u00fajos<br \/> <\/strong>O concurso oferece 96 vagas, inclusive para advogado, bibliotec\u00e1rio, engenheiro civil, fisioterapeuta, m\u00e9dico, nutricionista, pedagogo, psic\u00f3logo, entre outras.<\/p>\n<p><strong>Sal\u00e1rio:\u00a0<\/strong>at\u00e9 7.433,54 reais<strong><br \/> Inscri\u00e7\u00f5es:<\/strong>\u00a0at\u00e9 8 de abril pelo site da Exame Consultores<\/p>\n<p>MG &#8211; Prefeitura de Santana do Para\u00edso\u00a0<br \/> S\u00e3o 75 vagas no total, com oportunidades para advogado, enfermeiro, m\u00e9dico, odont\u00f3logo, educador f\u00edsico, nutricionista.<\/p>\n<p><strong>Sal\u00e1rio<\/strong>: at\u00e9 10.450,01 reais<br \/> <strong>Inscri\u00e7\u00f5es<\/strong>: at\u00e9 16 de abril pelo site do IMAM Concursos P\u00fablicos<\/p>\n<p><strong>RS Prefeitura de Canoas\u00a0<\/strong><br \/> No edital 79, s\u00e3o 10 vagas para procurador municipal, que exigem n\u00edvel superior. No edital 61, as oportunidades s\u00e3o para analistas na \u00e1rea de engenharia, assist\u00eancia social, psicologia, veterin\u00e1ria, entre outras.<\/p>\n<p><strong>Sal\u00e1rio<\/strong>: at\u00e9 10.741,50 reais<br \/> <strong>Inscri\u00e7\u00f5es<\/strong>: pelo site da Funda\u00e7\u00e3o La Salle. Os prazos variam de acordo com o edital: at\u00e9 6 de abril para as oportunidades do edital 61 e at\u00e9 13 de abril para as oportunidades de procurador.<\/p>\n<p><strong>RS Minist\u00e9rio P\u00fablico do Rio Grande do Sul<\/strong><br \/> S\u00e3o oportunidades para cadastro de reserva para assessor com bacharelado em Hist\u00f3ria.<\/p>\n<p><strong>Sal\u00e1rio<\/strong>: 10.243,67 reais<br \/> <strong>Inscri\u00e7\u00f5es<\/strong>: at\u00e9 9 de abril pelo site do Minist\u00e9rio P\u00fablico do Rio Grande do Sul.<\/p>\n<p><em><strong>CENTRO-OESTE<\/strong><\/em><\/p>\n<p><strong>GO &#8211; Prefeitura de Alo\u00e2ndia<\/strong><strong><br \/> <\/strong>H\u00e1 38 oportunidades para todos os graus de escolaridade. H\u00e1 vagas para nutricionista, odont\u00f3logo, m\u00e9dico (PSF), psic\u00f3logo, fisioterapeuta, contador, enfermeiro e fonoaudi\u00f3logo.\u00a0<\/p>\n<p><strong>Sal\u00e1rio:<\/strong><span><strong>\u00a0<\/strong><\/span>at\u00e9 6 mil reais<strong><br \/> <strong>Inscri\u00e7\u00f5es:<\/strong><\/strong><span>\u00a0<\/span>at\u00e9 31 de mar\u00e7o pelo site do Itame<\/p>\n<p><strong>GO &#8211; Prefeitura de Mineiros<\/strong><strong><br \/> <\/strong>S\u00e3o 1013 vagas para todos os n\u00edveis, das quais 561 s\u00e3o para cadastro reserva. Os cargos para quem tem n\u00edvel superior s\u00e3o, entre outros,\u00a0administrador, advogado, analista de recursos humanos, cirurgi\u00e3o dentista, engenheiro ambiental, engenheiro civil, engenheiro florestal, farmac\u00eautico, m\u00e9dicos (diversas especialidades), veterin\u00e1rio, nutricionista e psic\u00f3logo<\/p>\n<p><strong>Sal\u00e1rio:<\/strong><span><strong>\u00a0<\/strong><\/span>at\u00e9\u00a08.504 reais<strong><br \/> <strong>Inscri\u00e7\u00f5es:<\/strong><\/strong><span>\u00a0<\/span>at\u00e9 10 de abril pelo site da Funvapi<\/p>\n<p><strong>MT &#8211;\u00a0Prefeitura de Santa Terezinha<\/strong><br \/> S\u00e3o 56 vagas para todos os n\u00edveis de escolaridade. Entre outros cargos dispon\u00edveis, h\u00e1 os de administrador, assessor jur\u00eddico, bioqu\u00edmico, contador, engenheiro civil, m\u00e9dico e professor.<\/p>\n<p><strong>Sal\u00e1rio:<\/strong><span><strong>\u00a0<\/strong><\/span>at\u00e9 13 mil reais<strong><br \/> <strong>Inscri\u00e7\u00f5es:<\/strong><\/strong><span>\u00a0<\/span>at\u00e9 7 de abril pelo site da Sydcon<\/p>\n<address><strong>NORTE E NORDESTE<\/strong><\/address>\n<p>\u00a0<strong>AM &#8211;\u00a0Conselho Regional de Farm\u00e1cia do Amazonas<\/strong><\/p>\n<p>S\u00e3o 19 vagas para todos os n\u00edveis. As oportunidades para quem tem gradua\u00e7\u00e3o s\u00e3o de analista de sistemas,\u00a0advogado,\u00a0e fiscal farmac\u00eautico.<\/p>\n<p><strong>Sal\u00e1rio:\u00a0<\/strong>at\u00e9 5.727,22 reais<br \/> <strong>Inscri\u00e7\u00f5es:<\/strong><span><strong>\u00a0<\/strong><\/span>at\u00e9 9 de abril pelo site da MGA Concursos<\/p>\n<p><strong>RR &#8211; Tribunal de Justi\u00e7a de Roraima<\/strong><\/p>\n<p>As oportunidades s\u00e3o para juiz substituto. S\u00e3o 6 vagas mais forma\u00e7\u00e3o de cadastro de reserva. Forma\u00e7\u00e3o em direito exigida, assim como tr\u00eas anos de pr\u00e1tica jur\u00eddica.<\/p>\n<p><strong>Sal\u00e1rio<\/strong>: 22.614,52 reais<br \/> <strong>Inscri\u00e7\u00f5es<\/strong>: at\u00e9 24 de mar\u00e7o pelos site da Funda\u00e7\u00e3o Carlos Chagas FCC\u00a0<\/p>\n<p><strong>RO &#8211;\u00a0Prefeitura de Ministro Andreazza<\/strong><span><strong>\u00a0<\/strong><\/span><\/p>\n<p>H\u00e1 39 vagas, para n\u00edvel superior, m\u00e9dio, t\u00e9cnico e fundamental.\u00a0Os cargos para quem tem diploma de gradua\u00e7\u00e3o s\u00e3o para assistente social, advogado, contador, m\u00e9dico veterin\u00e1rio, m\u00e9dico, farmac\u00eautico, entre outros.<\/p>\n<p><strong>Sal\u00e1rio:<\/strong><span><strong>\u00a0<\/strong><\/span>at\u00e9 6 mil reais<strong><br \/> <strong>Inscri\u00e7\u00f5es:<\/strong><\/strong><span>\u00a0<\/span>at\u00e9 9 de abril pelo site da MGA Concursos<\/p>\n<p><strong>TO &#8211;\u00a0Prefeitura de Ponte Alta do Tocantins<\/strong><\/p>\n<p>S\u00e3o 207 vagas para profissionais de todos os n\u00edveis, nas \u00e1reas da administra\u00e7\u00e3o, assist\u00eancia social, sa\u00fade e magist\u00e9rio.<\/p>\n<p><strong>Sal\u00e1rio:<\/strong><span><strong>\u00a0<\/strong><\/span>at\u00e9 8 mil reais<strong><br \/> <strong>Inscri\u00e7\u00f5es:<\/strong><\/strong><span>\u00a0<\/span>at\u00e9 31 de mar\u00e7o pelo site da Idesc Assessoria<\/p>\n<p><strong>PA\/ AP &#8211; Tribunal Regional do Trabalho da 8\u00aa Regi\u00e3o<\/strong><\/p>\n<p>O Tribunal Regional do Trabalho da 18\u00aa Regi\u00e3o, do Par\u00e1 e Amap\u00e1 abriu uma vaha para juiz do trabalho substituto. Podem partipar bachar\u00e9is em direito com experi\u00eancia jur\u00eddica de 3 anos, no m\u00ednimo.<\/p>\n<p><strong>Sal\u00e1rio<\/strong>: 27.500 reais<br \/> <strong>Inscri\u00e7\u00f5es<\/strong>: at\u00e9 30 de mar\u00e7o pelo site do tribunal\u00a0<\/p>\n<p><strong>PA &#8211; Defensoria P\u00fablica do Par\u00e1<\/strong><\/p>\n<p>S\u00e3o 18 oportunidades e cadastro de reserva para o cargo de defensor p\u00fablico substituto.<\/p>\n<p><strong>Sal\u00e1rio<\/strong>: 15.663,55 reais<br \/> <strong>Inscri\u00e7\u00f5es<\/strong>: at\u00e9 2 de abril pelo site FMP Concursos\u00a0<\/p>\n<p><strong>BA &#8211; Prefeitura de \u00c9rico Cardoso<\/strong><span><strong>\u00a0<\/strong><\/span><\/p>\n<p>S\u00e3o 87 vagas, para todos os n\u00edveis. H\u00e1 oportunidades para m\u00e9dico, farmac\u00eautico, fonoaudi\u00f3logo, bi\u00f3logo, enfermeiro, m\u00e9dico veterin\u00e1rio, entre outras.<\/p>\n<p><strong>Sal\u00e1rio<\/strong>: at\u00e9 8 mil reais<br \/> <strong>Inscri\u00e7\u00f5es<\/strong>: at\u00e9 24 de mar\u00e7o pelo site SR Concursos<\/p>\n<p><strong>PE &#8211;\u00a0Instituto de Tecnologia de Pernambuco (Itep)<\/strong><\/p>\n<p>Est\u00e3o em disputa 50 vagas para professores tempor\u00e1rios, com n\u00edvel superior, para dar aula em cursos t\u00e9cnicos de n\u00edvel m\u00e9dio nos Centros Tecnol\u00f3gicos de Pernambuco de Olinda, Caruaru, Garanhuns, Serra Talhada e Araripina. A contrata\u00e7\u00e3o \u00e9 por tempo determinado.<\/p>\n<p><strong>Sal\u00e1rio<\/strong>: n\u00e3o informado<br \/> <strong>Inscri\u00e7\u00f5es<\/strong>:\u00a0at\u00e9 18 de mar\u00e7o pelo site do Itep<\/p>\n<p><strong>PE &#8211; Pol\u00edcia Civil de Pernambuco<\/strong><\/p>\n<p>O concurso oferece 100 vagas para delegado da Pol\u00edcia Civil. \u00c9 pr\u00e9-requisito ser formado em Direito.\u00a0<\/p>\n<p><strong>Sal\u00e1rio:<\/strong>\u00a0at\u00e9 9.969,81 reais<br \/> <strong>Inscri\u00e7\u00f5es:<\/strong><span><strong>\u00a0<\/strong><\/span>at\u00e9 29 de mar\u00e7o pelo site da Upenet<\/p>\n<p><strong>PB &#8211;\u00a0Prefeitura de Vista Serrana<\/strong><\/p>\n<p>S\u00e3o 33 vagas para todos os n\u00edveis, inclusive para m\u00e9dico (cl\u00ednico e psiquiatra), farmac\u00eautico, nutricionista, odont\u00f3logo, educador f\u00edsico, entre outros.<\/p>\n<p><strong>Sal\u00e1rio:<\/strong><span><strong>\u00a0<\/strong><\/span>at\u00e9 12 mil reais<br \/> <strong>Inscri\u00e7\u00f5es:<\/strong><span><strong>\u00a0<\/strong><\/span>at\u00e9 22 de mar\u00e7o pelo site da Conpass<\/p>\n","protected":false},"excerpt":{"rendered":"<p>Para quem quer seguir carreira p\u00fablica, veja os concursos p\u00fablicos com inscri\u00e7\u00f5es abertas. As oportunidades profissionais est\u00e3o espalhadas por todas as regi\u00f5es do pa\u00eds. SUL&#8230;<\/p>\n","protected":false},"author":1182,"featured_media":3546,"comment_status":"closed","ping_status":"closed","sticky":false,"template":"","format":"standard","meta":{"footnotes":""},"categories":[1],"tags":[602,61,97,538],"class_list":["post-11193","post","type-post","status-publish","format-standard","has-post-thumbnail","hentry","category-sem-categoria","tag-abertura","tag-brasil","tag-concurso","tag-vagas"],"_links":{"self":[{"href":"https:\/\/www.sincomam.org.br\/index.php\/wp-json\/wp\/v2\/posts\/11193","targetHints":{"allow":["GET"]}}],"collection":[{"href":"https:\/\/www.sincomam.org.br\/index.php\/wp-json\/wp\/v2\/posts"}],"about":[{"href":"https:\/\/www.sincomam.org.br\/index.php\/wp-json\/wp\/v2\/types\/post"}],"author":[{"embeddable":true,"href":"https:\/\/www.sincomam.org.br\/index.php\/wp-json\/wp\/v2\/users\/1182"}],"replies":[{"embeddable":true,"href":"https:\/\/www.sincomam.org.br\/index.php\/wp-json\/wp\/v2\/comments?post=11193"}],"version-history":[{"count":1,"href":"https:\/\/www.sincomam.org.br\/index.php\/wp-json\/wp\/v2\/posts\/11193\/revisions"}],"predecessor-version":[{"id":11194,"href":"https:\/\/www.sincomam.org.br\/index.php\/wp-json\/wp\/v2\/posts\/11193\/revisions\/11194"}],"wp:featuredmedia":[{"embeddable":true,"href":"https:\/\/www.sincomam.org.br\/index.php\/wp-json\/wp\/v2\/media\/3546"}],"wp:attachment":[{"href":"https:\/\/www.sincomam.org.br\/index.php\/wp-json\/wp\/v2\/media?parent=11193"}],"wp:term":[{"taxonomy":"category","embeddable":true,"href":"https:\/\/www.sincomam.org.br\/index.php\/wp-json\/wp\/v2\/categories?post=11193"},{"taxonomy":"post_tag","embeddable":true,"href":"https:\/\/www.sincomam.org.br\/index.php\/wp-json\/wp\/v2\/tags?post=11193"}],"curies":[{"name":"wp","href":"https:\/\/api.w.org\/{rel}","templated":true}]}}