{"id":11182,"date":"2015-03-18T08:18:39","date_gmt":"2015-03-18T11:18:39","guid":{"rendered":"http:\/\/www.sincomam.org.br\/?p=11182"},"modified":"2015-03-17T10:20:20","modified_gmt":"2015-03-17T13:20:20","slug":"policia-federal-deflagra-decima-fase-da-operacao-lava-jato","status":"publish","type":"post","link":"https:\/\/www.sincomam.org.br\/index.php\/policia-federal-deflagra-decima-fase-da-operacao-lava-jato\/","title":{"rendered":"Pol\u00edcia Federal deflagra d\u00e9cima fase da Opera\u00e7\u00e3o Lava-Jato"},"content":{"rendered":"<p>A Pol\u00edcia Federal (PF) deflagrou na manh\u00e3 de hoje (16) a d\u00e9cima fase da Opera\u00e7\u00e3o Lava-Jato, intitulada Que Pa\u00eds \u00e9 Esse, que investiga desvios de recursos na Petrobras. Cerca de 40 policiais federais cumprem 18 mandados judiciais: dois de pris\u00e3o preventiva, quatro de pris\u00e3o tempor\u00e1ria e 12 mandados de busca e apreens\u00e3o.<\/p>\n<p>Os mandados est\u00e3o sendo cumpridos nas cidades de S\u00e3o Paulo e do Rio de Janeiro e foram expedidos pela 13\u00aa Vara Federal de Curitiba.<\/p>\n<p>Os presos s\u00e3o investigados pelos crimes de associa\u00e7\u00e3o criminosa, uso de documento falso, corrup\u00e7\u00e3o passiva e corrup\u00e7\u00e3o ativa, al\u00e9m de fraude em processo licitat\u00f3rio e lavagem de dinheiro.<\/p>\n<p>Segundo a PF, os presos ser\u00e3o levados para Curitiba e permanecer\u00e3o custodiados na Superintend\u00eancia da Pol\u00edcia Federal, \u00e0 disposi\u00e7\u00e3o da 13\u00aa Vara Federal de Curitiba.<\/p>\n<p>Fonte: Ag\u00eancia Brasil<\/p>\n","protected":false},"excerpt":{"rendered":"<p>A Pol\u00edcia Federal (PF) deflagrou na manh\u00e3 de hoje (16) a d\u00e9cima fase da Opera\u00e7\u00e3o Lava-Jato, intitulada Que Pa\u00eds \u00e9 Esse, que investiga desvios de&#8230;<\/p>\n","protected":false},"author":1182,"featured_media":9394,"comment_status":"closed","ping_status":"closed","sticky":false,"template":"","format":"standard","meta":{"footnotes":""},"categories":[1],"tags":[1712,1323,297,1493,377,491],"class_list":["post-11182","post","type-post","status-publish","format-standard","has-post-thumbnail","hentry","category-sem-categoria","tag-decima-fase","tag-federal","tag-investigacao","tag-lava-jato","tag-operacao","tag-policia"],"_links":{"self":[{"href":"https:\/\/www.sincomam.org.br\/index.php\/wp-json\/wp\/v2\/posts\/11182","targetHints":{"allow":["GET"]}}],"collection":[{"href":"https:\/\/www.sincomam.org.br\/index.php\/wp-json\/wp\/v2\/posts"}],"about":[{"href":"https:\/\/www.sincomam.org.br\/index.php\/wp-json\/wp\/v2\/types\/post"}],"author":[{"embeddable":true,"href":"https:\/\/www.sincomam.org.br\/index.php\/wp-json\/wp\/v2\/users\/1182"}],"replies":[{"embeddable":true,"href":"https:\/\/www.sincomam.org.br\/index.php\/wp-json\/wp\/v2\/comments?post=11182"}],"version-history":[{"count":1,"href":"https:\/\/www.sincomam.org.br\/index.php\/wp-json\/wp\/v2\/posts\/11182\/revisions"}],"predecessor-version":[{"id":11183,"href":"https:\/\/www.sincomam.org.br\/index.php\/wp-json\/wp\/v2\/posts\/11182\/revisions\/11183"}],"wp:featuredmedia":[{"embeddable":true,"href":"https:\/\/www.sincomam.org.br\/index.php\/wp-json\/wp\/v2\/media\/9394"}],"wp:attachment":[{"href":"https:\/\/www.sincomam.org.br\/index.php\/wp-json\/wp\/v2\/media?parent=11182"}],"wp:term":[{"taxonomy":"category","embeddable":true,"href":"https:\/\/www.sincomam.org.br\/index.php\/wp-json\/wp\/v2\/categories?post=11182"},{"taxonomy":"post_tag","embeddable":true,"href":"https:\/\/www.sincomam.org.br\/index.php\/wp-json\/wp\/v2\/tags?post=11182"}],"curies":[{"name":"wp","href":"https:\/\/api.w.org\/{rel}","templated":true}]}}