{"id":11180,"date":"2015-03-18T08:15:43","date_gmt":"2015-03-18T11:15:43","guid":{"rendered":"http:\/\/www.sincomam.org.br\/?p=11180"},"modified":"2015-03-17T10:18:23","modified_gmt":"2015-03-17T13:18:23","slug":"governo-firma-convenio-com-estaleiro-para-oferta-de-estagios","status":"publish","type":"post","link":"https:\/\/www.sincomam.org.br\/index.php\/governo-firma-convenio-com-estaleiro-para-oferta-de-estagios\/","title":{"rendered":"Governo firma conv\u00eanio com estaleiro para oferta de est\u00e1gios"},"content":{"rendered":"<p>O Governo do Estado firmou, nesta quarta-feira (11\/3), conv\u00eanio de coopera\u00e7\u00e3o com o Estaleiro EISA\/Niter\u00f3i (antigo Estaleiro Mau\u00e1) para a oferta de est\u00e1gios a alunos da Escola T\u00e9cnica Henrique Lage, em Niter\u00f3i. O acordo, assinado pelo governador Luiz Fernando Pez\u00e3o, pelo secret\u00e1rio de Ci\u00eancia e Tecnologia, Gustavo Tutuca, pelo presidente da Faetec, Wagner Victer, e pelo presidente do Estaleiro, S\u00e9rgio Paez, vai preparar os estudantes da Funda\u00e7\u00e3o de Apoio \u00e0 Escola T\u00e9cnica (Faetec) para o mercado de trabalho do setor naval.<\/p>\n<p>\u2013 Um dos meus maiores orgulhos \u00e9 ver o Estado formando profissionais e criando oportunidades de trabalho, especialmente durante o per\u00edodo de forma\u00e7\u00e3o. Isso \u00e9 essencial para garantir o futuro e o fortalecimento da ind\u00fastria naval fluminense, com profissionais qualificados \u2013 afirmou o governador.<\/p>\n<p>O conv\u00eanio atende a uma demanda local de profissionais especializados para atuar em constru\u00e7\u00e3o, reparo e obra de estaleiros e plataformas. Segundo o secret\u00e1rio de Ci\u00eancia e Tecnologia, a Escola T\u00e9cnica Henrique Lage vai contar com cursos especiais, 100% voltados para demandas atuais do mercado naval, e com professores especializados, indicados pelo pr\u00f3prio estaleiro.<\/p>\n<p>&#8211; Estar pr\u00f3ximo da iniciativa privada \u00e9 um mantra para n\u00f3s. Esta parceria \u00e9 que vai garantir uma maior empregabilidade para nossos alunos, pois estaremos formando m\u00e3o de obra qualificada para atender a uma demanda de mercado &#8211; destacou o secret\u00e1rio Gustavo Tutuca.<\/p>\n<p>Atualmente, a unidade oferece cursos T\u00e9cnicos de Constru\u00e7\u00e3o Naval, Edifica\u00e7\u00f5es, Eletr\u00f4nica, Eletrot\u00e9cnica e M\u00e1quinas Navais. Por meio dos cursos de Qualifica\u00e7\u00e3o e T\u00e9cnicos, a unidade em Niter\u00f3i forma cerca de 1,2 mil profissionais por ano.<\/p>\n<p>\u2013 Essa sinergia da Faetec com o mercado \u00e9 mais uma demonstra\u00e7\u00e3o de como o Estado investe pesado na forma\u00e7\u00e3o profissional e na qualifica\u00e7\u00e3o de seus alunos para atuarem em \u00e1reas especificas. Neste caso, a escola t\u00e9cnica do estado vai fornecendo alunos para est\u00e1gio qualificado no estaleiro \u2013 disse o presidente da Faetec.<\/p>\n<p>O presidente do Estaleiro EISA\/Niter\u00f3i, S\u00e9rgio Paez, comemorou a parceria.<\/p>\n<p>&#8211; \u00c9 de suma import\u00e2ncia. Os professores v\u00e3o poder reconhecer e captar futuros profissionais que se destacarem na escola \u2013 destacou.<\/p>\n<p>Fonte: Governo do Estado do Rio de Janeiro<\/p>\n","protected":false},"excerpt":{"rendered":"<p>O Governo do Estado firmou, nesta quarta-feira (11\/3), conv\u00eanio de coopera\u00e7\u00e3o com o Estaleiro EISA\/Niter\u00f3i (antigo Estaleiro Mau\u00e1) para a oferta de est\u00e1gios a alunos&#8230;<\/p>\n","protected":false},"author":1182,"featured_media":11015,"comment_status":"closed","ping_status":"closed","sticky":false,"template":"","format":"standard","meta":{"footnotes":""},"categories":[1],"tags":[1710,1711,1476,1709,192,59],"class_list":["post-11180","post","type-post","status-publish","format-standard","has-post-thumbnail","hentry","category-sem-categoria","tag-convenio","tag-cooperacao","tag-estado","tag-estaleiro-eisaniteroi","tag-governo","tag-rio-de-janeiro"],"_links":{"self":[{"href":"https:\/\/www.sincomam.org.br\/index.php\/wp-json\/wp\/v2\/posts\/11180","targetHints":{"allow":["GET"]}}],"collection":[{"href":"https:\/\/www.sincomam.org.br\/index.php\/wp-json\/wp\/v2\/posts"}],"about":[{"href":"https:\/\/www.sincomam.org.br\/index.php\/wp-json\/wp\/v2\/types\/post"}],"author":[{"embeddable":true,"href":"https:\/\/www.sincomam.org.br\/index.php\/wp-json\/wp\/v2\/users\/1182"}],"replies":[{"embeddable":true,"href":"https:\/\/www.sincomam.org.br\/index.php\/wp-json\/wp\/v2\/comments?post=11180"}],"version-history":[{"count":1,"href":"https:\/\/www.sincomam.org.br\/index.php\/wp-json\/wp\/v2\/posts\/11180\/revisions"}],"predecessor-version":[{"id":11181,"href":"https:\/\/www.sincomam.org.br\/index.php\/wp-json\/wp\/v2\/posts\/11180\/revisions\/11181"}],"wp:featuredmedia":[{"embeddable":true,"href":"https:\/\/www.sincomam.org.br\/index.php\/wp-json\/wp\/v2\/media\/11015"}],"wp:attachment":[{"href":"https:\/\/www.sincomam.org.br\/index.php\/wp-json\/wp\/v2\/media?parent=11180"}],"wp:term":[{"taxonomy":"category","embeddable":true,"href":"https:\/\/www.sincomam.org.br\/index.php\/wp-json\/wp\/v2\/categories?post=11180"},{"taxonomy":"post_tag","embeddable":true,"href":"https:\/\/www.sincomam.org.br\/index.php\/wp-json\/wp\/v2\/tags?post=11180"}],"curies":[{"name":"wp","href":"https:\/\/api.w.org\/{rel}","templated":true}]}}