{"id":11168,"date":"2015-03-17T09:55:56","date_gmt":"2015-03-17T12:55:56","guid":{"rendered":"http:\/\/www.sincomam.org.br\/?p=11168"},"modified":"2015-03-17T09:55:57","modified_gmt":"2015-03-17T12:55:57","slug":"responsavel-pela-dragagem-no-cais-santista-deve-sair-dia-27-afirma-ministro","status":"publish","type":"post","link":"https:\/\/www.sincomam.org.br\/index.php\/responsavel-pela-dragagem-no-cais-santista-deve-sair-dia-27-afirma-ministro\/","title":{"rendered":"Respons\u00e1vel pela dragagem no cais santista deve sair dia 27, afirma Ministro"},"content":{"rendered":"<p>O ministro da Secretaria de Portos (SEP), Edinho Ara\u00fajo, que participou do an\u00fancio do projeto piloto da vigil\u00e2ncia sanit\u00e1ria para Santos, afirmou estar confiante de que no pr\u00f3ximo dia 27 conhecer\u00e1 a empresa que far\u00e1 as obras de dragagem no cais santista. O preg\u00e3o eletr\u00f4nico foi adiado por duas ocasi\u00f5es, devido a problemas no edital.<\/p>\n<p>O chefe da pasta confirmou o certame precisou ser readequado, conforme A Tribuna adiantou na \u00faltima semana, em raz\u00e3o de uma corre\u00e7\u00e3o no documento de proposta de contrata\u00e7\u00e3o de servi\u00e7o. &#8220;A expectativa \u00e9 de que tenhamos a participa\u00e7\u00e3o e a concorr\u00eancia possa ser efetivada. N\u00f3s estamos avan\u00e7ando nesse assunto&#8221;, afirmou.<\/p>\n<p>Edinho tamb\u00e9m voltou a falar sobre a import\u00e2ncia da iniciativa privada para o desenvolvimento do setor portu\u00e1rio brasileiro. Ele afirmou que o pa\u00eds vive um momento de ajuste financeiro, ao fazer alus\u00e3o \u00e0 crise economica, e que justamente por isso, o empresariado deve se mostrar mais ativo. &#8220;\u00c9 importante para a gera\u00e7\u00e3o de emprego renda&#8221;.<\/p>\n<p>Fonte: A Tribuna On-line\/Com informa\u00e7\u00f5es de Jos\u00e9 Claudio Pimentel<\/p>\n","protected":false},"excerpt":{"rendered":"<p>O ministro da Secretaria de Portos (SEP), Edinho Ara\u00fajo, que participou do an\u00fancio do projeto piloto da vigil\u00e2ncia sanit\u00e1ria para Santos, afirmou estar confiante de&#8230;<\/p>\n","protected":false},"author":1182,"featured_media":4044,"comment_status":"closed","ping_status":"closed","sticky":false,"template":"","format":"standard","meta":{"footnotes":""},"categories":[1],"tags":[2747,325,588,80,89],"class_list":["post-11168","post","type-post","status-publish","format-standard","has-post-thumbnail","hentry","category-sem-categoria","tag-dragagem","tag-liberacao","tag-licitacao","tag-porto","tag-santos"],"_links":{"self":[{"href":"https:\/\/www.sincomam.org.br\/index.php\/wp-json\/wp\/v2\/posts\/11168","targetHints":{"allow":["GET"]}}],"collection":[{"href":"https:\/\/www.sincomam.org.br\/index.php\/wp-json\/wp\/v2\/posts"}],"about":[{"href":"https:\/\/www.sincomam.org.br\/index.php\/wp-json\/wp\/v2\/types\/post"}],"author":[{"embeddable":true,"href":"https:\/\/www.sincomam.org.br\/index.php\/wp-json\/wp\/v2\/users\/1182"}],"replies":[{"embeddable":true,"href":"https:\/\/www.sincomam.org.br\/index.php\/wp-json\/wp\/v2\/comments?post=11168"}],"version-history":[{"count":1,"href":"https:\/\/www.sincomam.org.br\/index.php\/wp-json\/wp\/v2\/posts\/11168\/revisions"}],"predecessor-version":[{"id":11169,"href":"https:\/\/www.sincomam.org.br\/index.php\/wp-json\/wp\/v2\/posts\/11168\/revisions\/11169"}],"wp:featuredmedia":[{"embeddable":true,"href":"https:\/\/www.sincomam.org.br\/index.php\/wp-json\/wp\/v2\/media\/4044"}],"wp:attachment":[{"href":"https:\/\/www.sincomam.org.br\/index.php\/wp-json\/wp\/v2\/media?parent=11168"}],"wp:term":[{"taxonomy":"category","embeddable":true,"href":"https:\/\/www.sincomam.org.br\/index.php\/wp-json\/wp\/v2\/categories?post=11168"},{"taxonomy":"post_tag","embeddable":true,"href":"https:\/\/www.sincomam.org.br\/index.php\/wp-json\/wp\/v2\/tags?post=11168"}],"curies":[{"name":"wp","href":"https:\/\/api.w.org\/{rel}","templated":true}]}}