{"id":11141,"date":"2015-03-16T09:56:15","date_gmt":"2015-03-16T12:56:15","guid":{"rendered":"http:\/\/www.sincomam.org.br\/?p=11141"},"modified":"2015-03-16T10:00:36","modified_gmt":"2015-03-16T13:00:36","slug":"protestos-anti-dilma-reunem-mais-de-2-milhoes-de-pessoas-pelo-pais","status":"publish","type":"post","link":"https:\/\/www.sincomam.org.br\/index.php\/protestos-anti-dilma-reunem-mais-de-2-milhoes-de-pessoas-pelo-pais\/","title":{"rendered":"Protestos anti-Dilma re\u00fanem mais de 2 milh\u00f5es de pessoas pelo pa\u00eds"},"content":{"rendered":"<p><strong><em>Brasileiros foram \u00e0s ruas nos 26 estados e no Distrito Federal neste domingo<\/em><\/strong><\/p>\n<p>Mais de 2 milh\u00f5es de pessoas, segundo estimativas da Pol\u00edcia Militar (PM), participaram de protestos neste domingo (15), contra a administra\u00e7\u00e3o da presidente Dilma Rousseff e pelo combate \u00e0 corrup\u00e7\u00e3o. As manifesta\u00e7\u00f5es acontecem em todos os estados brasileiros e no Distrito Federal.<\/p>\n<p>Ao todo, manifestantes foram \u00e0s ruas em 147 cidades. Jornais e sites estrangeiros noticiaram as manifesta\u00e7\u00f5es, que tamb\u00e9m aconteceram fora do pa\u00eds: em Nova York, cerca de 100 pessoas estiveram na Union Square e em Paris, 20 pessoas se encontraram na pra\u00e7a da Reine Astrid, a poucos metros da embaixada brasileira.<\/p>\n<p>Pouco antes das 19h, os ministros Jos\u00e9 Eduardo Cardozo (Justi\u00e7a) e Miguel Rossetto (Secretaria-Geral da Presid\u00eancia) foram designados pela presidente Dilma Rousseff a darem uma entrevista coletiva para fazer uma avalia\u00e7\u00e3o das manifesta\u00e7\u00f5es e anunciaram um pacote anticorrup\u00e7\u00e3o &#8220;em breve&#8221;. Durante pronunciamento de ministro, moradores de v\u00e1rias cidades brasileiras fizeram panela\u00e7os.<\/p>\n<p>O verde e amarelo deu o tom dos protestos, com manifestantes vestindo camisetas da sele\u00e7\u00e3o e carregando a bandeira brasileira. Por todo o pa\u00eds, se viu faixas pedindo o fim da corrup\u00e7\u00e3o, o impeachment da presidente Dilma e at\u00e9 mesmo a interven\u00e7\u00e3o das For\u00e7as Armadas, mas de maneira geral o p\u00fablico gritava palavras de ordem contra a situa\u00e7\u00e3o pol\u00edtica e econ\u00f4mica do pa\u00eds. Em v\u00e1rios momentos eles cantaram o Hino Nacional.<\/p>\n<p>Apenas em S\u00e3o Paulo, um milh\u00e3o de manifestantes fecharam a Avenida Paulista, segundo n\u00fameros da Pol\u00edcia Militar \u00e0s 15h05m. Foi o maior do pa\u00eds. Muitos manifestantes seguraram bandeiras, vuvuzelas, cartazes e faixas de rep\u00fadio \u00e0 corrup\u00e7\u00e3o com as palavras &#8220;Basta&#8221;, &#8220;Vem pra Rua&#8221;, &#8220;Fora Dilma&#8221;, &#8220;Vamos dar um basta nisso&#8221;. Alguns usavam nariz de palha\u00e7o.<\/p>\n<p>O ato seguiu pac\u00edfico, reunindo jovens, idosos e fam\u00edlias com crian\u00e7as. Uma manifestante chegou a fazer topless e chamou aten\u00e7\u00e3o no meio da multid\u00e3o. A PM informou que ao menos 24 pessoas foram detidas durante o protesto na cidade.<\/p>\n<p>No Rio, cerca de 25 mil pessoas, segundo a PM, e 100 mil, de acordo com os organizadores, tomaram a Praia de Copacabana, na Zona Sul, para protestar contra o governo, nesta manh\u00e3. Cerca de 800 policiais militares fizeram o policiamento da orla do bairro. Os integrantes do protesto levavam cartazes em apoio ao juiz S\u00e9rgio Moro, respons\u00e1vel pelas investiga\u00e7\u00f5es da Lava-Jato.<\/p>\n<p>O tr\u00e2nsito foi totalmente impedido na Avenida Atl\u00e2ntica. Algumas ag\u00eancias banc\u00e1rias colocaram tapumes por precau\u00e7\u00e3o, alguns comerciantes tamb\u00e9m fecharam suas lojas. Em Niter\u00f3i, um grupo de 300 manifestantes tamb\u00e9m participou de uma passeata na Praia de Icara\u00ed. No interior do estado, a cidade de Volta Redonda tamb\u00e9m foi palco de um protesto.<\/p>\n<p>O deputado federal Jair Bolsonaro (PP-RJ), que participou do ato no Rio, foi impedido de subir em um carro de som. O pol\u00edtico havia sido convidado por um dos l\u00edderes do movimento a falar no microfone, mas foi vaiado pelos manifestantes.<\/p>\n<p>\u2014 Eu disse que n\u00e3o queria falar, mas eles insistiram. N\u00e3o posso ser unanimidade \u2014 afirmou o deputado, que apesar da vaia, foi tietado e fez selfies com manifestantes.<\/p>\n<p>Em Bras\u00edlia, logo no in\u00edcio da manh\u00e3, as pessoas j\u00e1 se concentravam em frente ao Museu da Rep\u00fablica. Antes de chegarem ao local, os manifestantes eram revistados pela Pol\u00edcia Militar. \u00c0s 10h30m, iniciaram uma caminhada em dire\u00e7\u00e3o ao Congresso Nacional. De acordo a PM, cerca de 45 mil pessoas participaram do ato. Para os organizadores, esse n\u00famero chegou a 150 mil. Boa parte da manifesta\u00e7\u00e3o ocorreu em frente ao Congresso. Um grupo entrou dentro do espelho d\u2019\u00e1gua e come\u00e7ou a balan\u00e7ar uma faixa verde e amarela. Outras pessoas carregavam cartazes com frases como \u201cchega de tanto roubo\u201d e \u201cqueremos o Brasil livre da corrup\u00e7\u00e3o\u201d. A PM fez um cord\u00e3o de isolamento no local e a manifesta\u00e7\u00e3o seguiu pac\u00edfica.<\/p>\n<p>Em Belo Horizonte, a Pra\u00e7a da Liberdade, tradicional ponto na Zona Sul da cidade, foi tomada por milhares de manifestantes na manh\u00e3 deste domingo. Segundo estimativas da PM, cerca de 24 mil pessoas estiveram no local para reivindica\u00e7\u00f5es, contra 40 mil segundo os organizadores. Em um movimento pac\u00edfico, com perfil familiar, o ato come\u00e7ou a ganhar grandes propor\u00e7\u00f5es a partir das 10h. Apoiados por um carro de som, al\u00e9m de pandeiros, apitos e buzinas, palavras de ordem foram entoadas diversas vezes, como &#8220;Fora, PT&#8221;, &#8220;Fora, Dilma&#8221;, e &#8220;1, 2, 3, 4, 5 mil, ou para a roubalheira, ou paramos o Brasil&#8221;. Tamb\u00e9m foram tocadas can\u00e7\u00f5es, como &#8220;Que Pa\u00eds \u00e9 Esse&#8221;, do Legi\u00e3o Urbana, e o Hino Nacional.<\/p>\n<p>A Pol\u00edcia Militar estima em 8 mil pessoas o n\u00famero de manifestantes que estiveram presentes na praia de Boa Viagem, cart\u00e3o postal do Recife. O grupo caminhou por pouco mais de um quil\u00f4metro. Na manifesta\u00e7\u00e3o em defesa de Dilma e da Petrobras, ocorrida dois dias antes, no Centro da cidade, a PM informou que foram 1.500 presentes. Os manifestantes cantaram o Hino Nacional e de Pernambuco. Tr\u00eas trios el\u00e9tricos foram colocados na avenida, que por mais de uma d\u00e9cada foi palco do carnaval fora de \u00e9poca Recifolia. Diferentemente do ax\u00e9 daquela \u00e9poca, a trilha sonora tinha \u201cIndigna\u00e7\u00e3o\u201d, do Skank e \u201cCaminhando\u201d, de Geraldo Vandr\u00e9, considerada um hino das manifesta\u00e7\u00f5es petistas de outrora.<\/p>\n<p>Em S\u00e3o Lu\u00eds, no Maranh\u00e3o, aproximadamente 3 mil pessoas, segundo estimativa da PM, participaram dos protestos. Os organizadores calcularam 4 mil pessoas no ato. A concentra\u00e7\u00e3o come\u00e7ou \u00e0s 9h, na praia de S\u00e3o Marcos, na orla da avenida Litor\u00e2nea. \u00c0s 10h30m, os manifestantes come\u00e7aram a passeata de 6 quil\u00f4metros em dire\u00e7\u00e3o \u00e0 lagoa da Jansen, no bairro S\u00e3o Francisco, ocupando apenas uma das pistas da Litor\u00e2nea at\u00e9 chegar \u00e0 praia da Ponta d\u2019Areia e \u00e0 Lagoa, onde os manifestantes se dispersaram, pouco depois das 12h.<\/p>\n<p>O &#8220;Fora Dilma&#8221;, em Bel\u00e9m, reuniu mais de 10 mil pessoas. Servidores p\u00fablicos, empres\u00e1rios, ma\u00e7ons e estudantes participaram do ato. Sindicatos tamb\u00e9m aproveitaram para cobrar melhores condi\u00e7\u00f5es de trabalho, controle da infla\u00e7\u00e3o e dos impostos. Tudo isso motivou mais de tr\u00eas horas de manifesta\u00e7\u00e3o pelas ruas do centro da capital paraense. Panela\u00e7os, apita\u00e7os, vaias e cartazes criticavam o governo e a corrup\u00e7\u00e3o. davam a diversidade de ideologias e interesses. Havia apoios isolados \u00e0 volta do regime militar.<\/p>\n<p>Centenas de pessoas protestaram no Farol da Barra, em Salvador. A concentra\u00e7\u00e3o no local come\u00e7ou por volta das 9 horas, e os manifestantes seguiram em dire\u00e7\u00e3o \u00e0 est\u00e1tua do Cristo, em Ondina. A PM estima que cerca de 4 mil pessoas estejam no evento. J\u00e1 os organizadores acreditam que foram 5 mil. Em Vit\u00f3ria, no Esp\u00edrito Santo, o protesto reuniu 100 mil pessoas, de acordo com a secretaria estadual de seguran\u00e7a p\u00fablica do Estado. J\u00e1 em Natal 5.500 pessoas segundo contagem da PM. Tr\u00eas mil e 800 pessoas, segundo os organizadores, e 3 mil, segundo a PM participaram da manifesta\u00e7\u00e3o no Piau\u00ed. Os manifestantes fizeram o enterro de um boneco. de Dilma Rousseff.<\/p>\n<p>No Rio Grande do Sul, a concentra\u00e7\u00e3o come\u00e7ou no Parque Moinhos de Vento, um reduto de classe m\u00e9dia alta da cidade, e percorreu v\u00e1rias ruas centrais at\u00e9 chegar ao Parque da Reden\u00e7\u00e3o. Segundo os organizadores, entre 50 mil e 60 mil pessoas marcharam contra o governo pelas ruas de Porto Alegre. O Centro de Comando Integrado (Ceic) estimou o p\u00fablico em 30 mil pessoas. A Brigada Militar (BM), entretanto, avaliou que o p\u00fablico envolvido na manifesta\u00e7\u00e3o superou as 100 mil pessoas.<\/p>\n<p>O protesto em Campo Grande (MS) reuniu 10 mil pessoas e em foram 12 mil, segundo dados da PM.<\/p>\n<p>Fonte: O Globo \/ Foto: Paulo Pinto\/ Fotos P\u00fablicas<\/p>\n","protected":false},"excerpt":{"rendered":"<p>Brasileiros foram \u00e0s ruas nos 26 estados e no Distrito Federal neste domingo Mais de 2 milh\u00f5es de pessoas, segundo estimativas da Pol\u00edcia Militar (PM),&#8230;<\/p>\n","protected":false},"author":1182,"featured_media":11142,"comment_status":"closed","ping_status":"closed","sticky":false,"template":"","format":"standard","meta":{"footnotes":""},"categories":[6],"tags":[],"class_list":["post-11141","post","type-post","status-publish","format-standard","has-post-thumbnail","hentry","category-noticias"],"_links":{"self":[{"href":"https:\/\/www.sincomam.org.br\/index.php\/wp-json\/wp\/v2\/posts\/11141","targetHints":{"allow":["GET"]}}],"collection":[{"href":"https:\/\/www.sincomam.org.br\/index.php\/wp-json\/wp\/v2\/posts"}],"about":[{"href":"https:\/\/www.sincomam.org.br\/index.php\/wp-json\/wp\/v2\/types\/post"}],"author":[{"embeddable":true,"href":"https:\/\/www.sincomam.org.br\/index.php\/wp-json\/wp\/v2\/users\/1182"}],"replies":[{"embeddable":true,"href":"https:\/\/www.sincomam.org.br\/index.php\/wp-json\/wp\/v2\/comments?post=11141"}],"version-history":[{"count":2,"href":"https:\/\/www.sincomam.org.br\/index.php\/wp-json\/wp\/v2\/posts\/11141\/revisions"}],"predecessor-version":[{"id":11145,"href":"https:\/\/www.sincomam.org.br\/index.php\/wp-json\/wp\/v2\/posts\/11141\/revisions\/11145"}],"wp:featuredmedia":[{"embeddable":true,"href":"https:\/\/www.sincomam.org.br\/index.php\/wp-json\/wp\/v2\/media\/11142"}],"wp:attachment":[{"href":"https:\/\/www.sincomam.org.br\/index.php\/wp-json\/wp\/v2\/media?parent=11141"}],"wp:term":[{"taxonomy":"category","embeddable":true,"href":"https:\/\/www.sincomam.org.br\/index.php\/wp-json\/wp\/v2\/categories?post=11141"},{"taxonomy":"post_tag","embeddable":true,"href":"https:\/\/www.sincomam.org.br\/index.php\/wp-json\/wp\/v2\/tags?post=11141"}],"curies":[{"name":"wp","href":"https:\/\/api.w.org\/{rel}","templated":true}]}}