{"id":11137,"date":"2015-03-16T09:37:03","date_gmt":"2015-03-16T12:37:03","guid":{"rendered":"http:\/\/www.sincomam.org.br\/?p=11137"},"modified":"2015-03-16T09:37:03","modified_gmt":"2015-03-16T12:37:03","slug":"operacao-lava-jato-braskem-tera-contratos-investigados","status":"publish","type":"post","link":"https:\/\/www.sincomam.org.br\/index.php\/operacao-lava-jato-braskem-tera-contratos-investigados\/","title":{"rendered":"Opera\u00e7\u00e3o Lava Jato: Braskem ter\u00e1 contratos investigados"},"content":{"rendered":"<p>A petroqu\u00edmica Braskem, controlada pela Odebrecht, ter\u00e1 contratos firmados com a Petrobras durante sete anos investigados pelo Minist\u00e9rio P\u00fablico nos inqu\u00e9ritos sobre parlamentares relacionados \u00e0 Opera\u00e7\u00e3o Lava-Jato. O ex-presidente da empresa, Jos\u00e9 Carlos Grubisich (atual presidente da gigante Eldorado Celulose), deve ser intimado para depor.<\/p>\n<p>Tamb\u00e9m deve ser intimado o ex-vice presidente de rela\u00e7\u00f5es institucionais da Braskem, Alexandrino de Alencar (ele ocupou o cargo de 2002 a 2007). Os pedidos foram feitos pelo procurador-geral da Rep\u00fablica, Rodrigo Janot, ao Supremo Tribunal Federal (STF) no inqu\u00e9rito sobre o deputado Jo\u00e3o Pizzolatti (PP).<\/p>\n<p>No pedido, Janot solicitou que as autoridades obtenham na Petrobras a c\u00f3pia integral dos procedimentos administrativos referentes aos contratos celebrados com a Braskem entre 2006 e 2012 para venda de produtos &#8220;como nafta, propeno e outros&#8221;.<\/p>\n<p>Conforme j\u00e1 noticiado, delatores da Opera\u00e7\u00e3o Lava-Jato afirmaram que a Braskem pagou propinas para comprar produtos da Petrobras, como nafta e propeno, por um pre\u00e7o mais pr\u00f3ximo ao praticado no mercado internacional &#8211; que seria mais baixo, segundo os delatores.<\/p>\n<p>Na quarta-feira, a Braskem divulgou comunicado a investidores dizendo que &#8220;todos os pagamentos e contratos com a Petrobras seguiram a legisla\u00e7\u00e3o aplic\u00e1vel e foram aprovados de acordo com as regras de governan\u00e7a&#8221; da empresa. A companhia ainda afirmou que &#8220;os pre\u00e7os praticados pela Petrobras na venda de mat\u00e9rias-primas nunca favoreceram a Braskem e sempre estiveram atrelados \u00e0s mais caras refer\u00eancias internacionais&#8221;.<\/p>\n<p>Procurado, Alencar n\u00e3o quis se pronunciar. Tamb\u00e9m ontem, Grubisich afirmou que as afirma\u00e7\u00f5es n\u00e3o s\u00e3o verdadeiras. (Colaborou Stella Fontes, de S\u00e3o Paulo)<\/p>\n<p>Fonte: Valor Econ\u00f4mico\/F\u00e1bio Pupo e Andr\u00e9 Guilherme Vieira | De Curitiba e S\u00e3o Paulo<\/p>\n","protected":false},"excerpt":{"rendered":"<p>A petroqu\u00edmica Braskem, controlada pela Odebrecht, ter\u00e1 contratos firmados com a Petrobras durante sete anos investigados pelo Minist\u00e9rio P\u00fablico nos inqu\u00e9ritos sobre parlamentares relacionados \u00e0&#8230;<\/p>\n","protected":false},"author":1182,"featured_media":10574,"comment_status":"closed","ping_status":"closed","sticky":false,"template":"","format":"standard","meta":{"footnotes":""},"categories":[6],"tags":[],"class_list":["post-11137","post","type-post","status-publish","format-standard","has-post-thumbnail","hentry","category-noticias"],"_links":{"self":[{"href":"https:\/\/www.sincomam.org.br\/index.php\/wp-json\/wp\/v2\/posts\/11137","targetHints":{"allow":["GET"]}}],"collection":[{"href":"https:\/\/www.sincomam.org.br\/index.php\/wp-json\/wp\/v2\/posts"}],"about":[{"href":"https:\/\/www.sincomam.org.br\/index.php\/wp-json\/wp\/v2\/types\/post"}],"author":[{"embeddable":true,"href":"https:\/\/www.sincomam.org.br\/index.php\/wp-json\/wp\/v2\/users\/1182"}],"replies":[{"embeddable":true,"href":"https:\/\/www.sincomam.org.br\/index.php\/wp-json\/wp\/v2\/comments?post=11137"}],"version-history":[{"count":1,"href":"https:\/\/www.sincomam.org.br\/index.php\/wp-json\/wp\/v2\/posts\/11137\/revisions"}],"predecessor-version":[{"id":11138,"href":"https:\/\/www.sincomam.org.br\/index.php\/wp-json\/wp\/v2\/posts\/11137\/revisions\/11138"}],"wp:featuredmedia":[{"embeddable":true,"href":"https:\/\/www.sincomam.org.br\/index.php\/wp-json\/wp\/v2\/media\/10574"}],"wp:attachment":[{"href":"https:\/\/www.sincomam.org.br\/index.php\/wp-json\/wp\/v2\/media?parent=11137"}],"wp:term":[{"taxonomy":"category","embeddable":true,"href":"https:\/\/www.sincomam.org.br\/index.php\/wp-json\/wp\/v2\/categories?post=11137"},{"taxonomy":"post_tag","embeddable":true,"href":"https:\/\/www.sincomam.org.br\/index.php\/wp-json\/wp\/v2\/tags?post=11137"}],"curies":[{"name":"wp","href":"https:\/\/api.w.org\/{rel}","templated":true}]}}