{"id":11126,"date":"2015-03-13T08:28:20","date_gmt":"2015-03-13T11:28:20","guid":{"rendered":"http:\/\/www.sincomam.org.br\/?p=11126"},"modified":"2015-03-13T10:43:09","modified_gmt":"2015-03-13T13:43:09","slug":"manifestacoes-pro-e-contra-dilma-comecam-hoje","status":"publish","type":"post","link":"https:\/\/www.sincomam.org.br\/index.php\/manifestacoes-pro-e-contra-dilma-comecam-hoje\/","title":{"rendered":"Manifesta\u00e7\u00f5es pr\u00f3 e contra Dilma come\u00e7am hoje"},"content":{"rendered":"<p><strong><em>O temor \u00e9 que as manifesta\u00e7\u00f5es se transformem em atos de pancadaria, mesmo tendo sido marcadas para dias distintos<\/em><\/strong><\/p>\n<p>A crise pol\u00edtica que fermenta nos corredores de Bras\u00edlia tomar\u00e1 as ruas nesta semana em duas manifesta\u00e7\u00f5es marcadas por governistas e oposicionistas. Nesta sexta-feira (13\/3), convocados pela Central \u00danica dos Trabalhadores, sindicalistas e representantes dos movimentos sociais protestar\u00e3o em defesa da Petrobras, contra o arrocho econ\u00f4mico, em defesa do governo e da reforma pol\u00edtica pregada pelo PT.<\/p>\n<p>No domingo (15\/3), ser\u00e1 a vez dos oposicionistas, cr\u00edticos da presidente Dilma Rousseff, dos esc\u00e2ndalos de corrup\u00e7\u00e3o, sobretudo o da Petrobras mostrarem a insatisfa\u00e7\u00e3o quanto ao atual quadro pol\u00edtico nacional. Nesse grupo, incluem-se aqueles defensores do impeachment de Dilma. As Manifesta\u00e7\u00f5es do dia 15 est\u00e3o marcadas para ocorrer em 24 cidades no Brasil, al\u00e9m de Sidney (Austr\u00e1lia), Santa Cruz de La Sierra (Bol\u00edvia), Londres (Inglaterra) e Miami (Estados Unidos).<\/p>\n<p>Na noite do \u00faltimo domingo (8\/3), o pronunciamento da presidente Dilma em cadeia nacional de r\u00e1dio e TV gerou rea\u00e7\u00e3o com panela\u00e7o em v\u00e1rias cidades do Brasil.<\/p>\n<p>Com os \u00e2nimos a\u00e7ulados pelas declara\u00e7\u00f5es de parte a parte, o temor \u00e9 que as manifesta\u00e7\u00f5es se transformem em atos de pancadaria, mesmo tendo sido marcadas para dias distintos. O movimento das oposi\u00e7\u00f5es, que at\u00e9 o momento teria confirmado a presen\u00e7a de cerca de 1 milh\u00e3o de pessoas, foi marcado com uma maior anteced\u00eancia. A convoca\u00e7\u00e3o feita pela CUT \u00e9 mais recente e serviu como um contraponto \u00e0 press\u00e3o exercida pelos cr\u00edticos de Dilma.<\/p>\n<p>Nesse meio termo, durante evento em defesa da Petrobras, no Rio, o ex-presidente Luiz In\u00e1cio Lula da Silva convocou o \u201cex\u00e9rcito do MST\u201d para ajudar na briga contra a oposi\u00e7\u00e3o. \u201cCoincid\u00eancia ou n\u00e3o, depois de um tempo quietinhos, os sem-terra invadiram uma fazenda no Paran\u00e1 e destru\u00edram 14 anos de pesquisa gen\u00e9tica\u201d, assustou-se um militante petista. \u201cEu espero, sinceramente, que o ex\u00e9rcito do St\u00e9dile n\u00e3o atenda \u00e0 convoca\u00e7\u00e3o de Lula\u201d, completou o senador Aloysio Nunes Ferreira (PSDB-SP).<\/p>\n<p>A d\u00favida entre os organizadores de parte a parte \u00e9 que manifestantes estar\u00e3o nas ruas. Ainda est\u00e1 presente na cabe\u00e7a dos brasileiros os protestos de junho de 2013, quando pessoas de diversas classes sociais foram \u00e0s ruas, inicialmente para reclamar do aumento na tarifa de \u00f4nibus e, posteriormente, com uma pauta bem mais diversificada. De l\u00e1 para c\u00e1, as passeatas diminu\u00edram em quantidade de pessoas e aumentaram em viol\u00eancia, gra\u00e7as \u00e0 presen\u00e7a dos black blocs.<\/p>\n<p>A mais recente pesquisa de opini\u00e3o mostrou que a popularidade de Dilma despencou para pouco mais dos 20% de aprova\u00e7\u00e3o \u2014 a metade que tinha \u00e0s v\u00e9speras das elei\u00e7\u00f5es.<\/p>\n<p>Fonte: Correio Brasiliense \/ Paulo de Tarso Lyra<\/p>\n","protected":false},"excerpt":{"rendered":"<p>O temor \u00e9 que as manifesta\u00e7\u00f5es se transformem em atos de pancadaria, mesmo tendo sido marcadas para dias distintos A crise pol\u00edtica que fermenta nos&#8230;<\/p>\n","protected":false},"author":1182,"featured_media":11127,"comment_status":"closed","ping_status":"closed","sticky":false,"template":"","format":"standard","meta":{"footnotes":""},"categories":[6],"tags":[],"class_list":["post-11126","post","type-post","status-publish","format-standard","has-post-thumbnail","hentry","category-noticias"],"_links":{"self":[{"href":"https:\/\/www.sincomam.org.br\/index.php\/wp-json\/wp\/v2\/posts\/11126","targetHints":{"allow":["GET"]}}],"collection":[{"href":"https:\/\/www.sincomam.org.br\/index.php\/wp-json\/wp\/v2\/posts"}],"about":[{"href":"https:\/\/www.sincomam.org.br\/index.php\/wp-json\/wp\/v2\/types\/post"}],"author":[{"embeddable":true,"href":"https:\/\/www.sincomam.org.br\/index.php\/wp-json\/wp\/v2\/users\/1182"}],"replies":[{"embeddable":true,"href":"https:\/\/www.sincomam.org.br\/index.php\/wp-json\/wp\/v2\/comments?post=11126"}],"version-history":[{"count":1,"href":"https:\/\/www.sincomam.org.br\/index.php\/wp-json\/wp\/v2\/posts\/11126\/revisions"}],"predecessor-version":[{"id":11128,"href":"https:\/\/www.sincomam.org.br\/index.php\/wp-json\/wp\/v2\/posts\/11126\/revisions\/11128"}],"wp:featuredmedia":[{"embeddable":true,"href":"https:\/\/www.sincomam.org.br\/index.php\/wp-json\/wp\/v2\/media\/11127"}],"wp:attachment":[{"href":"https:\/\/www.sincomam.org.br\/index.php\/wp-json\/wp\/v2\/media?parent=11126"}],"wp:term":[{"taxonomy":"category","embeddable":true,"href":"https:\/\/www.sincomam.org.br\/index.php\/wp-json\/wp\/v2\/categories?post=11126"},{"taxonomy":"post_tag","embeddable":true,"href":"https:\/\/www.sincomam.org.br\/index.php\/wp-json\/wp\/v2\/tags?post=11126"}],"curies":[{"name":"wp","href":"https:\/\/api.w.org\/{rel}","templated":true}]}}