{"id":11112,"date":"2015-03-13T09:36:33","date_gmt":"2015-03-13T12:36:33","guid":{"rendered":"http:\/\/www.sincomam.org.br\/?p=11112"},"modified":"2015-03-13T09:36:33","modified_gmt":"2015-03-13T12:36:33","slug":"operacao-lava-jato-stj-autoriza-inqueritos-para-investigar-pezao-cabral-e-tiao-viana","status":"publish","type":"post","link":"https:\/\/www.sincomam.org.br\/index.php\/operacao-lava-jato-stj-autoriza-inqueritos-para-investigar-pezao-cabral-e-tiao-viana\/","title":{"rendered":"Opera\u00e7\u00e3o Lava Jato: STJ autoriza inqu\u00e9ritos para investigar Pez\u00e3o, Cabral e Ti\u00e3o Viana"},"content":{"rendered":"<p>O ministro Lu\u00eds Felipe Salom\u00e3o, do Superior Tribunal de Justi\u00e7a (STJ), autorizou nesta quinta-feira (12) a abertura de inqu\u00e9ritos para investigar os governadores do Rio de Janeiro, Luiz Fernando Pez\u00e3o (PMDB), e do Acre, Ti\u00e3o Viana (PT). O ministro tamb\u00e9m decidu derrubar o segredo de Justi\u00e7a das duas investiga\u00e7\u00f5es.<\/p>\n<p>Os dois foram citados por delatores da Opera\u00e7\u00e3o Lava Jato como benefici\u00e1rios do esquema de corrup\u00e7\u00e3o na Petrobras. Eles negam as acusa\u00e7\u00f5es. No inqu\u00e9rito de Pez\u00e3o, tamb\u00e9m ser\u00e3o investigados o ex-governador do Rio S\u00e9rgio Cabral e o ex-chefe da Casa Civil Regis Fichtner.<\/p>\n<p>Os pedidos de inqu\u00e9rito foram apresentados ao STJ no final da manh\u00e3 desta quinta pela Procuradoria Geral da Rep\u00fablica, \u00f3rg\u00e3o que realiza as investiga\u00e7\u00f5es e \u00e9 respons\u00e1vel pela acusa\u00e7\u00e3o.<\/p>\n<p>Em depoimento dado com base em acordo de dela\u00e7\u00e3o premiada, o ex-diretor da Petrobras Paulo Roberto Costa afirmou ter arrecadado R$ 30 milh\u00f5es como caixa dois da campanha de 2010 do ex-governador do Rio de Janeiro S\u00e9rgio Cabral (PMDB). Os recursos teriam beneficiado tamb\u00e9m o atual governador do estado, Luiz Fernando Pez\u00e3o (PMDB), vice de Cabral na \u00e9poca. De acordo com o ex-diretor, o operador dos repasses foi o ent\u00e3o secret\u00e1rio da Casa Civil de Cabral, Regis Fichtner. Os tr\u00eas negam as acusa\u00e7\u00f5es.<\/p>\n<p>No caso do governador do Acre, Paulo Roberto Costa afirmou que R$ 300 mil foram dados como &#8220;aux\u00edlio&#8221; \u00e0 campanha eleitoral de Ti\u00e3o Viana para o Senado em 2010. Segundo o ex-diretor, o pagamento foi feito pelo doleiro Alberto Youssef, preso pela Pol\u00edcia Federal e um dos articuladores do esquema de corrup\u00e7\u00e3o. Viana diz que a doa\u00e7\u00e3o foi registrada no Tribunal Regional Eleitoral do Acre e &#8220;n\u00e3o tem nada de ilegal&#8221;.<\/p>\n<p><strong>Pez\u00e3o<\/strong><\/p>\n<p>O governador Luiz Fernando Pez\u00e3o afirmou na tarde desta quinta-feira que respeita a decis\u00e3o da Procuradoria Geral da Rep\u00fablica de pedir abertura de inqu\u00e9rito no Superior Tribunal de Justi\u00e7a (STJ) para investigar a cita\u00e7\u00e3o de seu nome por Paulo Roberto Costa. Mas Pez\u00e3o classificou como &#8220;estapaf\u00fardio&#8221; o depoimento do ex-diretor da estatal e disse estar certo de que a investiga\u00e7\u00e3o vai comprovar que a acusa\u00e7\u00e3o \u00e9 falsa.<\/p>\n<p>&#8220;Estou \u00e0 disposi\u00e7\u00e3o da Justi\u00e7a, s\u00f3 quero ser ouvido.\u00a0 Essa conversa nunca existiu. A acusa\u00e7\u00e3o \u00e9 falsa. Meu sigilo banc\u00e1rio est\u00e1 \u00e0 disposi\u00e7\u00e3o, s\u00f3 tenho uma conta. Minha declara\u00e7\u00e3o de bens \u00e9 p\u00fablica e tamb\u00e9m est\u00e1 dispon\u00edvel&#8221;, afirmou o governador, ressaltando n\u00e3o ter sido oficialmente notificado e n\u00e3o ter constitu\u00eddo advogado.<\/p>\n<p><strong>Ti\u00e3o Viana<\/strong><\/p>\n<p>O governador do Acre, Ti\u00e3o Viana, divulgou nota na qual afirma que est\u00e1 &#8220;muito longe dessa podrid\u00e3o&#8221;. &#8220;Os dedos sujos da inj\u00faria, da cal\u00fania e da difama\u00e7\u00e3o que apontam para minha honra n\u00e3o escondem a covardia daqueles que certamente n\u00e3o ter\u00e3o a dignidade de vir a p\u00fablico pedir desculpas quando toda a verdade vier \u00e0 tona&#8221;, afirmou.<\/p>\n<p>Na nota, ele afirma que recebeu uma doa\u00e7\u00e3o legal, aprovada pelo Tribunal Regional Eleitoral do Acre, de empresa que, segundo disse, nunca teve rela\u00e7\u00e3o comercial ou institucional com o governo. &#8220;Ao tomar conhecimento de eventual cita\u00e7\u00e3o do meu nome, em janeiro deste ano, prontamente requeri interpela\u00e7\u00e3o judicial contra o bandido Paulo Roberto Costa. E agora, t\u00e3o logo revelado o teor da sua mentirosa cita\u00e7\u00e3o do meu nome, determinei ajuizar contra ele a\u00e7\u00e3o civil por danos morais e a\u00e7\u00e3o penal por denuncia\u00e7\u00e3o caluniosa&#8221;, declarou.<\/p>\n<p><strong>S\u00e9rgio Cabral e Regis Fichtner<\/strong><\/p>\n<p>A assessoria do ex-governador do Rio S\u00e9rgio Cabral (PMDB) divulgou a nota no final da tarde desta quinta em que diz ter a &#8220;consci\u00eancia tranquila&#8221; e afirma que \u00e9 &#8220;mentirosa&#8221; a afirma\u00e7\u00e3o de Paulo Roberto no depoimento dado em dela\u00e7\u00e3o premiada.<\/p>\n<p>&#8220;Nunca solicitei ao delator apoio financeiro \u00e0 minha reelei\u00e7\u00e3o ao governo do Estado do Rio de Janeiro. Todas as elei\u00e7\u00f5es que disputei tiveram suas presta\u00e7\u00f5es de contas aprovadas pelas autoridades competentes. Reafirmo o meu rep\u00fadio e a minha indigna\u00e7\u00e3o a essas mentiras&#8221;, declarou.<\/p>\n<p>Por meio de sua assessoria, Regis Fichtner reafirmou que nunca participou de nenhuma reuni\u00e3o com Paulo Roberto Costa, muito menos para tratar de arrecada\u00e7\u00e3o de recursos para campanha.<\/p>\n<p>Na \u00faltima segunda-feira, em nota, ele afirmou que tomar\u00e1 &#8220;as medidas cab\u00edveis decorrentes das mentiras declaradas em rela\u00e7\u00e3o \u00e0 minha pessoa por parte do Sr. Paulo Roberto Costa, que incluir\u00e3o pedido para que ele responda pelo crime cometido ao prestar tais declara\u00e7\u00f5es&#8221;.<\/p>\n<p><strong>Ind\u00edcios<\/strong><\/p>\n<p>O procurador-geral da Rep\u00fablica, Rodrigo Janot, pediu o in\u00edcio das investiga\u00e7\u00f5es sobre os governadores por ver ind\u00edcios de crimes atribu\u00eddos a eles nas apura\u00e7\u00f5es j\u00e1 realizadas. Na mesma decis\u00e3o que autorizou as investiga\u00e7\u00f5es, Salom\u00e3o derrubou o segredo de Justi\u00e7a at\u00e9 ent\u00e3o mantido sobre os pedidos.<\/p>\n<p>O ministro tamb\u00e9m autorizou as primeiras dilig\u00eancias para coleta de provas e deu prazo de 20 dias para Pez\u00e3o e Viana se manifestarem sobre os fatos descritos nos pedidos de investiga\u00e7\u00e3o.<\/p>\n<p><strong>Dilig\u00eancias<\/strong><\/p>\n<p>Nos despachos que autorizaram os inqu\u00e9ritos, Salom\u00e3o autorizou tamb\u00e9m as primeiras medidas de investiga\u00e7\u00e3o.<\/p>\n<p>A Pol\u00edcia Federal dever\u00e1 coletar no Hotel Caesar Park, em Ipanema, no Rio de Janeiro, informa\u00e7\u00f5es e documentos, incluindo imagens, registros de entrada e sa\u00edda, relacionados a uma reuni\u00e3o realizada no primeiro semestre de 2010 em um dos quartos, possivelmente locado por Regis Fichtner.<\/p>\n<p>Al\u00e9m disso, a PF ter\u00e1 90 dias para tomar depoimentos de Cabral e Fichtner, al\u00e9m dos executivos Cl\u00e1udio Lima Freire (da empresa Skanska), Jos\u00e9 Aldem\u00e1rio Pinheiro Filho (da construtora OAS), Ricardo Ribeiro Pessoa (da UTC), C\u00e9sar Luiz de Godoy Pereira (Alusa), Ricardo Ourique Marques (Techint), Rog\u00e9rio Santos de Ara\u00fajo e M\u00e1rcio Faria da Silva (ambos da Odebrecht).<\/p>\n<p>A PF tamb\u00e9m far\u00e1 uma an\u00e1lise das doa\u00e7\u00f5es realizadas aos comit\u00eas financeiros da campanha eleitoral de 2010 ao governo do Rio de Janeiro registradas no Sistema de Presta\u00e7\u00e3o de Contas Eleitorais (SPCE) do Tribunal Superior Eleitoral.<\/p>\n<p>Futuras dilig\u00eancias podem incluir quebras de sigilo (telef\u00f4nico, banc\u00e1rio ou fiscal) ou intercepta\u00e7\u00f5es telef\u00f4nicas, por exemplo. \u00c9 comum que elas sejam mantidas sob sigilo, para evitar que o investigado se antecipe e elimine rastros de delitos eventualmente cometidos.<\/p>\n<p>Fonte: G1 Bras\u00edlia \/Renan Ramalho<\/p>\n","protected":false},"excerpt":{"rendered":"<p>O ministro Lu\u00eds Felipe Salom\u00e3o, do Superior Tribunal de Justi\u00e7a (STJ), autorizou nesta quinta-feira (12) a abertura de inqu\u00e9ritos para investigar os governadores do Rio&#8230;<\/p>\n","protected":false},"author":1182,"featured_media":5717,"comment_status":"closed","ping_status":"closed","sticky":false,"template":"","format":"standard","meta":{"footnotes":""},"categories":[6],"tags":[],"class_list":["post-11112","post","type-post","status-publish","format-standard","has-post-thumbnail","hentry","category-noticias"],"_links":{"self":[{"href":"https:\/\/www.sincomam.org.br\/index.php\/wp-json\/wp\/v2\/posts\/11112","targetHints":{"allow":["GET"]}}],"collection":[{"href":"https:\/\/www.sincomam.org.br\/index.php\/wp-json\/wp\/v2\/posts"}],"about":[{"href":"https:\/\/www.sincomam.org.br\/index.php\/wp-json\/wp\/v2\/types\/post"}],"author":[{"embeddable":true,"href":"https:\/\/www.sincomam.org.br\/index.php\/wp-json\/wp\/v2\/users\/1182"}],"replies":[{"embeddable":true,"href":"https:\/\/www.sincomam.org.br\/index.php\/wp-json\/wp\/v2\/comments?post=11112"}],"version-history":[{"count":1,"href":"https:\/\/www.sincomam.org.br\/index.php\/wp-json\/wp\/v2\/posts\/11112\/revisions"}],"predecessor-version":[{"id":11113,"href":"https:\/\/www.sincomam.org.br\/index.php\/wp-json\/wp\/v2\/posts\/11112\/revisions\/11113"}],"wp:featuredmedia":[{"embeddable":true,"href":"https:\/\/www.sincomam.org.br\/index.php\/wp-json\/wp\/v2\/media\/5717"}],"wp:attachment":[{"href":"https:\/\/www.sincomam.org.br\/index.php\/wp-json\/wp\/v2\/media?parent=11112"}],"wp:term":[{"taxonomy":"category","embeddable":true,"href":"https:\/\/www.sincomam.org.br\/index.php\/wp-json\/wp\/v2\/categories?post=11112"},{"taxonomy":"post_tag","embeddable":true,"href":"https:\/\/www.sincomam.org.br\/index.php\/wp-json\/wp\/v2\/tags?post=11112"}],"curies":[{"name":"wp","href":"https:\/\/api.w.org\/{rel}","templated":true}]}}