{"id":11096,"date":"2015-03-12T10:20:46","date_gmt":"2015-03-12T13:20:46","guid":{"rendered":"http:\/\/www.sincomam.org.br\/?p=11096"},"modified":"2015-03-12T10:20:46","modified_gmt":"2015-03-12T13:20:46","slug":"senai-e-csp-assinam-acordo-para-qualificacao-de-trabalhadores-do-complexo-de-pecem","status":"publish","type":"post","link":"https:\/\/www.sincomam.org.br\/index.php\/senai-e-csp-assinam-acordo-para-qualificacao-de-trabalhadores-do-complexo-de-pecem\/","title":{"rendered":"Senai e CSP assinam acordo para qualifica\u00e7\u00e3o de trabalhadores do complexo de Pec\u00e9m"},"content":{"rendered":"<p>O Servi\u00e7o Nacional de Aprendizagem Industrial (Senai-CE) e a Companhia Sider\u00fargica do Pec\u00e9m (CSP) assinaram na \u00faltima ter\u00e7a-feira um contrato para capacita\u00e7\u00e3o de m\u00e3o de obra, no Centro de Treinamento da CSP, em no Complexo Industrial e Portu\u00e1rio do Pec\u00e9m (Cipp). O acordo prev\u00ea presta\u00e7\u00e3o de servi\u00e7o e coopera\u00e7\u00e3o t\u00e9cnica para recrutamento, sele\u00e7\u00e3o e treinamento.<\/p>\n<p>Na fase inicial de opera\u00e7\u00e3o da CSP, ser\u00e3o ofertados cursos, desde manuten\u00e7\u00e3o el\u00e9trica, mec\u00e2nica, usinagem de tornearia, entre outros. \u201c1.400 pessoas entrar\u00e3o em processo de inscri\u00e7\u00e3o. O objetivo \u00e9 contratar 950 profissionais\u201d, afirma o presidente do Senai-CE, Paulo Andr\u00e9 Holanda. O investimento para parceria \u00e9 da ordem de R$ 4 milh\u00f5es.<\/p>\n<p>As inscri\u00e7\u00f5es come\u00e7am hoje e seguem at\u00e9 um prazo de 15 dias. \u201cEm abril come\u00e7am os testes. Queremos que a os primeiros cursos tenham in\u00edcio em 1\u00ba de maio\u201d, refor\u00e7a.<\/p>\n<p>Para o diretor de Recursos Humanos da CSP, J\u00falio Castro, al\u00e9m dos cursos em sala de aula, os profissionais ter\u00e3o acesso a treinamentos em usinas sider\u00fargicas antes do in\u00edcio das opera\u00e7\u00f5es da Companhia. \u201cEsse contrato representa uma seguran\u00e7a, j\u00e1 que garante a execu\u00e7\u00e3o de tarefas por trabalhadores preparados\u201d, ressalta.<\/p>\n<p>Os jovens entre 18 e 28 anos ser\u00e3o o p\u00fablico preferencial para os treinamentos. Os cursos ser\u00e3o de quatro ou oito horas di\u00e1rias. Os alunos receber\u00e3o bolsas aux\u00edlio mensais de valores entre R$ 400 e R$ 700, para despesas com alimenta\u00e7\u00e3o e transporte.<\/p>\n<p>Fonte: O Povo (CE)<\/p>\n","protected":false},"excerpt":{"rendered":"<p>O Servi\u00e7o Nacional de Aprendizagem Industrial (Senai-CE) e a Companhia Sider\u00fargica do Pec\u00e9m (CSP) assinaram na \u00faltima ter\u00e7a-feira um contrato para capacita\u00e7\u00e3o de m\u00e3o de&#8230;<\/p>\n","protected":false},"author":1182,"featured_media":3207,"comment_status":"closed","ping_status":"closed","sticky":false,"template":"","format":"standard","meta":{"footnotes":""},"categories":[6],"tags":[],"class_list":["post-11096","post","type-post","status-publish","format-standard","has-post-thumbnail","hentry","category-noticias"],"_links":{"self":[{"href":"https:\/\/www.sincomam.org.br\/index.php\/wp-json\/wp\/v2\/posts\/11096","targetHints":{"allow":["GET"]}}],"collection":[{"href":"https:\/\/www.sincomam.org.br\/index.php\/wp-json\/wp\/v2\/posts"}],"about":[{"href":"https:\/\/www.sincomam.org.br\/index.php\/wp-json\/wp\/v2\/types\/post"}],"author":[{"embeddable":true,"href":"https:\/\/www.sincomam.org.br\/index.php\/wp-json\/wp\/v2\/users\/1182"}],"replies":[{"embeddable":true,"href":"https:\/\/www.sincomam.org.br\/index.php\/wp-json\/wp\/v2\/comments?post=11096"}],"version-history":[{"count":1,"href":"https:\/\/www.sincomam.org.br\/index.php\/wp-json\/wp\/v2\/posts\/11096\/revisions"}],"predecessor-version":[{"id":11097,"href":"https:\/\/www.sincomam.org.br\/index.php\/wp-json\/wp\/v2\/posts\/11096\/revisions\/11097"}],"wp:featuredmedia":[{"embeddable":true,"href":"https:\/\/www.sincomam.org.br\/index.php\/wp-json\/wp\/v2\/media\/3207"}],"wp:attachment":[{"href":"https:\/\/www.sincomam.org.br\/index.php\/wp-json\/wp\/v2\/media?parent=11096"}],"wp:term":[{"taxonomy":"category","embeddable":true,"href":"https:\/\/www.sincomam.org.br\/index.php\/wp-json\/wp\/v2\/categories?post=11096"},{"taxonomy":"post_tag","embeddable":true,"href":"https:\/\/www.sincomam.org.br\/index.php\/wp-json\/wp\/v2\/tags?post=11096"}],"curies":[{"name":"wp","href":"https:\/\/api.w.org\/{rel}","templated":true}]}}