{"id":11089,"date":"2015-03-12T10:10:01","date_gmt":"2015-03-12T13:10:01","guid":{"rendered":"http:\/\/www.sincomam.org.br\/?p=11089"},"modified":"2015-03-12T10:17:27","modified_gmt":"2015-03-12T13:17:27","slug":"a-diretora-geral-da-agencia-nacional-do-petroleo-gas-natural-e-biocombustiveis-anp-magda-chambriard-disse-nesta-quarta-feira-11-que-nao-ha-previsao-de-um-novo-leilao-de-areas-para-exploracao-de","status":"publish","type":"post","link":"https:\/\/www.sincomam.org.br\/index.php\/a-diretora-geral-da-agencia-nacional-do-petroleo-gas-natural-e-biocombustiveis-anp-magda-chambriard-disse-nesta-quarta-feira-11-que-nao-ha-previsao-de-um-novo-leilao-de-areas-para-exploracao-de\/","title":{"rendered":"Novo leil\u00e3o do pr\u00e9-sal em 2015 est\u00e1 &#8216;fora da pauta&#8217;, diz ANP"},"content":{"rendered":"<p>A diretora-geral da Ag\u00eancia Nacional do Petr\u00f3leo, G\u00e1s Natural e Biocombust\u00edveis (ANP), Magda Chambriard, disse nesta quarta-feira (11) que n\u00e3o h\u00e1 previs\u00e3o de um novo leil\u00e3o de \u00e1reas para explora\u00e7\u00e3o de \u00f3leo no pr\u00e9-sal em 2015.<\/p>\n<p>\u201cN\u00e3o temos [previs\u00e3o de leil\u00e3o em 2015]. Neste ano o pr\u00e9-sal n\u00e3o est\u00e1 na pauta\u201d, disse Chambriard, que participa nesta quarta de uma audi\u00eancia p\u00fablica na C\u00e2mara, em Bras\u00edlia, para debater os impactos do cancelamento, pela Petrobras, da constru\u00e7\u00e3o de duas refinarias no Nordeste do pa\u00eds.<\/p>\n<p>O \u00faltimo leil\u00e3o para explora\u00e7\u00e3o de petr\u00f3leo no pr\u00e9-sal foi o da \u00e1rea de Libra, em outubro de 2013. O cons\u00f3rcio formado pela Petrobras, Shell, Total, CNPC e CNOOC, \u00fanico a apresentar proposta, arrematou a \u00e1rea com a proposta m\u00ednima prevista no edital, que era de repassar \u00e0 Uni\u00e3o 41,65% do excedente em \u00f3leo extra\u00eddo do campo.<\/p>\n<p>Libra tamb\u00e9m marcou o in\u00edcio dos leil\u00f5es de \u00e1reas de petr\u00f3leo sob o regime de partilha, que \u00e9 aquele em que parte do petr\u00f3leo extra\u00eddo fica com a Uni\u00e3o.<\/p>\n<p><strong>13\u00aa rodada<\/strong><\/p>\n<p>Antes de participar da audi\u00eancia p\u00fablica, a diretora-geral da ANP se reuniu com o ministro de Minas e Energia, Eduardo Braga. Na semana passada, Braga informou que a 13\u00ba rodada de leil\u00e3o de \u00e1reas para explora\u00e7\u00e3o de petr\u00f3leo e g\u00e1s em terra e mar (camada p\u00f3s-sal), antes prevista para ocorrer no primeiro semestre de 2015, agora deve ser realizada no segundo semestre.<\/p>\n<p>O adiamento do leil\u00e3o ocorre em meio \u00e0 crise provocada pelas den\u00fancias de corrup\u00e7\u00e3o na Petrobras. As suspeitas tamb\u00e9m atingem grandes empreiteiras do pa\u00eds, que teriam pago propina para firmar contratos com a estatal. Questionada, Chambriard disse que ainda n\u00e3o est\u00e3o definidas quais \u00e1reas ser\u00e3o oferecidas na 13\u00aa rodada.<\/p>\n<p>Fonte: G1, em Bras\u00edlia<\/p>\n","protected":false},"excerpt":{"rendered":"<p>A diretora-geral da Ag\u00eancia Nacional do Petr\u00f3leo, G\u00e1s Natural e Biocombust\u00edveis (ANP), Magda Chambriard, disse nesta quarta-feira (11) que n\u00e3o h\u00e1 previs\u00e3o de um novo&#8230;<\/p>\n","protected":false},"author":1182,"featured_media":0,"comment_status":"closed","ping_status":"closed","sticky":false,"template":"","format":"standard","meta":{"footnotes":""},"categories":[6],"tags":[],"class_list":["post-11089","post","type-post","status-publish","format-standard","hentry","category-noticias"],"_links":{"self":[{"href":"https:\/\/www.sincomam.org.br\/index.php\/wp-json\/wp\/v2\/posts\/11089","targetHints":{"allow":["GET"]}}],"collection":[{"href":"https:\/\/www.sincomam.org.br\/index.php\/wp-json\/wp\/v2\/posts"}],"about":[{"href":"https:\/\/www.sincomam.org.br\/index.php\/wp-json\/wp\/v2\/types\/post"}],"author":[{"embeddable":true,"href":"https:\/\/www.sincomam.org.br\/index.php\/wp-json\/wp\/v2\/users\/1182"}],"replies":[{"embeddable":true,"href":"https:\/\/www.sincomam.org.br\/index.php\/wp-json\/wp\/v2\/comments?post=11089"}],"version-history":[{"count":2,"href":"https:\/\/www.sincomam.org.br\/index.php\/wp-json\/wp\/v2\/posts\/11089\/revisions"}],"predecessor-version":[{"id":11095,"href":"https:\/\/www.sincomam.org.br\/index.php\/wp-json\/wp\/v2\/posts\/11089\/revisions\/11095"}],"wp:attachment":[{"href":"https:\/\/www.sincomam.org.br\/index.php\/wp-json\/wp\/v2\/media?parent=11089"}],"wp:term":[{"taxonomy":"category","embeddable":true,"href":"https:\/\/www.sincomam.org.br\/index.php\/wp-json\/wp\/v2\/categories?post=11089"},{"taxonomy":"post_tag","embeddable":true,"href":"https:\/\/www.sincomam.org.br\/index.php\/wp-json\/wp\/v2\/tags?post=11089"}],"curies":[{"name":"wp","href":"https:\/\/api.w.org\/{rel}","templated":true}]}}