{"id":11070,"date":"2015-03-11T09:35:42","date_gmt":"2015-03-11T12:35:42","guid":{"rendered":"http:\/\/www.sincomam.org.br\/?p=11070"},"modified":"2015-03-11T09:35:42","modified_gmt":"2015-03-11T12:35:42","slug":"retorno-da-usina-angra-1-ao-sistema-e-adiado-para-sexta-feira","status":"publish","type":"post","link":"https:\/\/www.sincomam.org.br\/index.php\/retorno-da-usina-angra-1-ao-sistema-e-adiado-para-sexta-feira\/","title":{"rendered":"Retorno da Usina Angra 1 ao sistema \u00e9 adiado para sexta-feira"},"content":{"rendered":"<p>A usina nuclear Angra 1 teve seu retorno ao Sistema Interligado Nacional (SIN) adiado para a sexta-feira (13), em fun\u00e7\u00e3o da necessidade da purifica\u00e7\u00e3o da \u00e1gua do sistema secund\u00e1rio da usina. De acordo com a Eletronuclear, o adiamento se deu para atender aos padr\u00f5es de qualidade estabelecidos em normas internas e internacionais.<\/p>\n<p>A usina foi desligada no dia 19 de fevereiro, por conta de uma falha em um condensador, gerada pelo rompimento em um tubo de um dos condensadores que resfriam o vapor usado para mover o gerador el\u00e9trico da unidade. A \u00faltima previs\u00e3o de religamento era para esta ter\u00e7a-feira (10).<\/p>\n<p>Fonte: Petronot\u00edciasangra<\/p>\n<p><\/p>\n","protected":false},"excerpt":{"rendered":"<p>A usina nuclear Angra 1 teve seu retorno ao Sistema Interligado Nacional (SIN) adiado para a sexta-feira (13), em fun\u00e7\u00e3o da necessidade da purifica\u00e7\u00e3o da&#8230;<\/p>\n","protected":false},"author":1182,"featured_media":11071,"comment_status":"closed","ping_status":"closed","sticky":false,"template":"","format":"standard","meta":{"footnotes":""},"categories":[6],"tags":[],"class_list":["post-11070","post","type-post","status-publish","format-standard","has-post-thumbnail","hentry","category-noticias"],"_links":{"self":[{"href":"https:\/\/www.sincomam.org.br\/index.php\/wp-json\/wp\/v2\/posts\/11070","targetHints":{"allow":["GET"]}}],"collection":[{"href":"https:\/\/www.sincomam.org.br\/index.php\/wp-json\/wp\/v2\/posts"}],"about":[{"href":"https:\/\/www.sincomam.org.br\/index.php\/wp-json\/wp\/v2\/types\/post"}],"author":[{"embeddable":true,"href":"https:\/\/www.sincomam.org.br\/index.php\/wp-json\/wp\/v2\/users\/1182"}],"replies":[{"embeddable":true,"href":"https:\/\/www.sincomam.org.br\/index.php\/wp-json\/wp\/v2\/comments?post=11070"}],"version-history":[{"count":1,"href":"https:\/\/www.sincomam.org.br\/index.php\/wp-json\/wp\/v2\/posts\/11070\/revisions"}],"predecessor-version":[{"id":11072,"href":"https:\/\/www.sincomam.org.br\/index.php\/wp-json\/wp\/v2\/posts\/11070\/revisions\/11072"}],"wp:featuredmedia":[{"embeddable":true,"href":"https:\/\/www.sincomam.org.br\/index.php\/wp-json\/wp\/v2\/media\/11071"}],"wp:attachment":[{"href":"https:\/\/www.sincomam.org.br\/index.php\/wp-json\/wp\/v2\/media?parent=11070"}],"wp:term":[{"taxonomy":"category","embeddable":true,"href":"https:\/\/www.sincomam.org.br\/index.php\/wp-json\/wp\/v2\/categories?post=11070"},{"taxonomy":"post_tag","embeddable":true,"href":"https:\/\/www.sincomam.org.br\/index.php\/wp-json\/wp\/v2\/tags?post=11070"}],"curies":[{"name":"wp","href":"https:\/\/api.w.org\/{rel}","templated":true}]}}