{"id":11068,"date":"2015-03-11T09:27:18","date_gmt":"2015-03-11T12:27:18","guid":{"rendered":"http:\/\/www.sincomam.org.br\/?p=11068"},"modified":"2015-03-11T09:27:18","modified_gmt":"2015-03-11T12:27:18","slug":"petrobras-reconhece-divida-de-r-15-millhoes-com-empresa-do-comperj","status":"publish","type":"post","link":"https:\/\/www.sincomam.org.br\/index.php\/petrobras-reconhece-divida-de-r-15-millhoes-com-empresa-do-comperj\/","title":{"rendered":"Petrobras reconhece d\u00edvida de R$ 15 millh\u00f5es com empresa do Comperj"},"content":{"rendered":"<p>O Minist\u00e9rio do Trabalho informou hoje (10) que a Petrobras reconheceu d\u00e9bitos de cerca de R$ 15 milh\u00f5es com a empresa Alumini Engenharia, que realizou obras para a estatal no Complexo Petroqu\u00edmico do Rio de Janeiro (Comperj).<\/p>\n<p>O dinheiro, segundo executivos da Alumini, poder\u00e1 ser utilizado integralmente para pagar parte dos sal\u00e1rios atrasados e do Fundo de Garantia do Tempo de Servi\u00e7o (FGTS) dos quase 3 mil oper\u00e1rios que ficaram sem receber nos \u00faltimos tr\u00eas meses, desde que a estatal suspendeu os pagamentos.<\/p>\n<p>A falta de sal\u00e1rios e de rescis\u00f5es trabalhistas motivou cerca de 200 trabalhadores a ocuparem, ontem (9), a sede do Tribunal Regional do Trabalho (TRT), no centro do Rio, por mais de cinco horas. No local, estavam reunidos o ministro do Trabalho, Manoel Dias, a presidenta do TRT, Maria das Gra\u00e7as Paranhos, procuradores do trabalho, representantes da Petrobras, da empresa e dos trabalhadores.<\/p>\n<p>O Minist\u00e9rio de Minas e Energia enviou documento ao Minist\u00e9rio do Trabalho confirmando que a Petrobras deve R$ 15 milh\u00f5es \u00e0 Alumini. No entanto, a libera\u00e7\u00e3o desse cr\u00e9dito depender\u00e1 de medi\u00e7\u00f5es nas obras e da solu\u00e7\u00e3o de conformidades em algumas delas. De acordo com a estatal, o caminho para o pagamento das a\u00e7\u00f5es rescis\u00f3rias aos trabalhadores s\u00e3o a\u00e7\u00f5es judiciais.<\/p>\n<p>O ministro Manoel Dias, segundo sua assessoria, telefonou para o juiz da comarca de Itabora\u00ed \u2013 munic\u00edpio onde est\u00e3o as obras do Comperj \u2013 e para a presidente do TRT para informar a exist\u00eancia do cr\u00e9dito.<\/p>\n<p>Dias tamb\u00e9m comunicou a deputada federal Jandira Feghali (PCdoB-RJ), que ontem foi a principal mediadora do impasse com os trabalhadores na sede do TRT.<\/p>\n<p>Ontem, os oper\u00e1rios j\u00e1 haviam conseguido executar as rescis\u00f5es trabalhistas, por meio do Minist\u00e9rio P\u00fablico do Trabalho (MPT), que substituiu o sindicato da categoria no pleito.<\/p>\n<p>Com a indefini\u00e7\u00e3o desde dezembro do ano passado, milhares de trabalhadores ficaram sem receber sal\u00e1rios, mas n\u00e3o tiveram baixas nas carteiras de trabalho, o que os impedia de buscar novos empregos. Com a rescis\u00e3o, agora poder\u00e3o sacar o FGTS e requerer o seguro-desemprego.<\/p>\n<p>Procurada, a Petrobras respondeu, por meio de sua assessoria, que s\u00f3 vai se pronunciar sobre a quest\u00e3o da Alumini na pr\u00f3xima sexta-feira (13), conforme acordado em reuni\u00e3o no TRT.<\/p>\n<p>Fonte: Ag\u00eancia Brasil<\/p>\n","protected":false},"excerpt":{"rendered":"<p>O Minist\u00e9rio do Trabalho informou hoje (10) que a Petrobras reconheceu d\u00e9bitos de cerca de R$ 15 milh\u00f5es com a empresa Alumini Engenharia, que realizou&#8230;<\/p>\n","protected":false},"author":1182,"featured_media":4139,"comment_status":"closed","ping_status":"closed","sticky":false,"template":"","format":"standard","meta":{"footnotes":""},"categories":[6],"tags":[],"class_list":["post-11068","post","type-post","status-publish","format-standard","has-post-thumbnail","hentry","category-noticias"],"_links":{"self":[{"href":"https:\/\/www.sincomam.org.br\/index.php\/wp-json\/wp\/v2\/posts\/11068","targetHints":{"allow":["GET"]}}],"collection":[{"href":"https:\/\/www.sincomam.org.br\/index.php\/wp-json\/wp\/v2\/posts"}],"about":[{"href":"https:\/\/www.sincomam.org.br\/index.php\/wp-json\/wp\/v2\/types\/post"}],"author":[{"embeddable":true,"href":"https:\/\/www.sincomam.org.br\/index.php\/wp-json\/wp\/v2\/users\/1182"}],"replies":[{"embeddable":true,"href":"https:\/\/www.sincomam.org.br\/index.php\/wp-json\/wp\/v2\/comments?post=11068"}],"version-history":[{"count":1,"href":"https:\/\/www.sincomam.org.br\/index.php\/wp-json\/wp\/v2\/posts\/11068\/revisions"}],"predecessor-version":[{"id":11069,"href":"https:\/\/www.sincomam.org.br\/index.php\/wp-json\/wp\/v2\/posts\/11068\/revisions\/11069"}],"wp:featuredmedia":[{"embeddable":true,"href":"https:\/\/www.sincomam.org.br\/index.php\/wp-json\/wp\/v2\/media\/4139"}],"wp:attachment":[{"href":"https:\/\/www.sincomam.org.br\/index.php\/wp-json\/wp\/v2\/media?parent=11068"}],"wp:term":[{"taxonomy":"category","embeddable":true,"href":"https:\/\/www.sincomam.org.br\/index.php\/wp-json\/wp\/v2\/categories?post=11068"},{"taxonomy":"post_tag","embeddable":true,"href":"https:\/\/www.sincomam.org.br\/index.php\/wp-json\/wp\/v2\/tags?post=11068"}],"curies":[{"name":"wp","href":"https:\/\/api.w.org\/{rel}","templated":true}]}}