{"id":11055,"date":"2015-03-11T08:30:43","date_gmt":"2015-03-11T11:30:43","guid":{"rendered":"http:\/\/www.sincomam.org.br\/?p=11055"},"modified":"2015-03-11T08:30:43","modified_gmt":"2015-03-11T11:30:43","slug":"wartsila-inaugura-fabrica-no-superporto-do-acu","status":"publish","type":"post","link":"https:\/\/www.sincomam.org.br\/index.php\/wartsila-inaugura-fabrica-no-superporto-do-acu\/","title":{"rendered":"W\u00e4rtsil\u00e4 inaugura f\u00e1brica no Superporto do A\u00e7u"},"content":{"rendered":"<p>A W\u00e4rtsil\u00e4 inaugura sua primeira f\u00e1brica na Am\u00e9rica Latina, no dia 25 de mar\u00e7o, no Superporto do A\u00e7u, em S\u00e3o Jo\u00e3o da Barra (RJ). A unidade representa um investimento de \u20ac 20 milh\u00f5es, de capital pr\u00f3prio, da multinacional finlandesa no Brasil.<\/p>\n<p>Em sua fase inicial, as atividades da f\u00e1brica multiproduto se concentrar\u00e3o em geradores de m\u00e9dio porte e propulsores azimutais, com a possibilidade de expandir o portif\u00f3lio de produtos de acordo com as necessidades de mercado. <\/p>\n<p>A empresa, que atua no pa\u00eds h\u00e1 25 anos, aposta nas novas instala\u00e7\u00f5es para acompanhar as exig\u00eancias de conte\u00fado local e atender \u00e0 crescente demanda de mercado, sobretudo na ind\u00fastria offshore.<\/p>\n<p>Fonte: Portos e Navios<\/p>\n","protected":false},"excerpt":{"rendered":"<p>A W\u00e4rtsil\u00e4 inaugura sua primeira f\u00e1brica na Am\u00e9rica Latina, no dia 25 de mar\u00e7o, no Superporto do A\u00e7u, em S\u00e3o Jo\u00e3o da Barra (RJ). A&#8230;<\/p>\n","protected":false},"author":1182,"featured_media":7425,"comment_status":"closed","ping_status":"closed","sticky":false,"template":"","format":"standard","meta":{"footnotes":""},"categories":[6],"tags":[],"class_list":["post-11055","post","type-post","status-publish","format-standard","has-post-thumbnail","hentry","category-noticias"],"_links":{"self":[{"href":"https:\/\/www.sincomam.org.br\/index.php\/wp-json\/wp\/v2\/posts\/11055","targetHints":{"allow":["GET"]}}],"collection":[{"href":"https:\/\/www.sincomam.org.br\/index.php\/wp-json\/wp\/v2\/posts"}],"about":[{"href":"https:\/\/www.sincomam.org.br\/index.php\/wp-json\/wp\/v2\/types\/post"}],"author":[{"embeddable":true,"href":"https:\/\/www.sincomam.org.br\/index.php\/wp-json\/wp\/v2\/users\/1182"}],"replies":[{"embeddable":true,"href":"https:\/\/www.sincomam.org.br\/index.php\/wp-json\/wp\/v2\/comments?post=11055"}],"version-history":[{"count":1,"href":"https:\/\/www.sincomam.org.br\/index.php\/wp-json\/wp\/v2\/posts\/11055\/revisions"}],"predecessor-version":[{"id":11056,"href":"https:\/\/www.sincomam.org.br\/index.php\/wp-json\/wp\/v2\/posts\/11055\/revisions\/11056"}],"wp:featuredmedia":[{"embeddable":true,"href":"https:\/\/www.sincomam.org.br\/index.php\/wp-json\/wp\/v2\/media\/7425"}],"wp:attachment":[{"href":"https:\/\/www.sincomam.org.br\/index.php\/wp-json\/wp\/v2\/media?parent=11055"}],"wp:term":[{"taxonomy":"category","embeddable":true,"href":"https:\/\/www.sincomam.org.br\/index.php\/wp-json\/wp\/v2\/categories?post=11055"},{"taxonomy":"post_tag","embeddable":true,"href":"https:\/\/www.sincomam.org.br\/index.php\/wp-json\/wp\/v2\/tags?post=11055"}],"curies":[{"name":"wp","href":"https:\/\/api.w.org\/{rel}","templated":true}]}}