{"id":11026,"date":"2015-03-11T10:33:57","date_gmt":"2015-03-11T13:33:57","guid":{"rendered":"http:\/\/www.sincomam.org.br\/?p=11026"},"modified":"2015-03-11T11:53:20","modified_gmt":"2015-03-11T14:53:20","slug":"rebocador-da-camorim-afunda-na-bacia-de-campos","status":"publish","type":"post","link":"https:\/\/www.sincomam.org.br\/index.php\/rebocador-da-camorim-afunda-na-bacia-de-campos\/","title":{"rendered":"Rebocador da Camorim afunda na Bacia de Campos e deixa uma pessoa desaparecida"},"content":{"rendered":"<p><strong><em>Dos sete tripulantes, seis foram resgatados por um navio da Petrobras e um est\u00e1 desaparecido<\/em><\/strong><\/p>\n<p>Um acidente grave ocorrido na noite desta segunda-feira (9), com a embarca\u00e7\u00e3o \u00a0<span>Merc\u00fario Del Golfo (do tipo LH &#8211; <em>Line Handler<\/em>), pertencente \u00e0<\/span>\u00a0empresa Camorim Servi\u00e7os Mar\u00edtimos, movimentou a Bacia de Campos (RJ). <\/p>\n<p><span>Segundo nota enviada pela Marinha do Brasil (MB), a embarca\u00e7\u00e3o\u00a0adernou a cerca de 90 milhas n\u00e1uticas da cidade do Rio de Janeiro. Por volta das 22h, o rebocador afundou em uma profundidade de mil e quinhentos metros. Ainda conforme o comunicado,\u00a0seis dos sete tripulantes foram regatados por um navio da Petrobras e um <span>(Marinheiro de M\u00e1quinas)\u00a0<\/span>permanece desaparecido.\u00a0<br \/><\/span><br \/><span>De acordo com fontes ouvidas pelo SINCOMAM, o<\/span>\u00a0excesso de carga mal acondicionada no conv\u00e9s do navio teria sido a causa mais prov\u00e1vel do\u00a0naufr\u00e1gio. \u00a0O rebocador chegou a emborcar e estava em opera\u00e7\u00e3o no momento do acidente.<\/p>\n<p><span>A Capitania dos Portos do Rio de Janeiro (CPRJ) informou que ser\u00e1 aberto um inqu\u00e9rito para apurar as causas e responsabilidade do naufr\u00e1gio.<\/span><\/p>\n<p><span>Para auxiliar nas buscas do desaparecido, a Marinha enviou ao local o \u00a0Navio-Patrulha Guapor\u00e9.<\/span><\/p>\n<p><span>O SINCOMAM \u00a0entrou\u00a0em contato com a empresa\u00a0Camorim, mas n\u00e3o obteve retorno.<\/p>\n<p>*O Sindicato ainda est\u00e1 apurando mais \u00a0informa\u00e7\u00f5es e, em breve, teremos detalhes sobre o acidente.<\/p>\n<p>Fonte: SINCOMAM \/ Margarida Putti &#8211; Foto: Camorim<\/span><\/p>\n","protected":false},"excerpt":{"rendered":"<p>Dos sete tripulantes, seis foram resgatados por um navio da Petrobras e um est\u00e1 desaparecido Um acidente grave ocorrido na noite desta segunda-feira (9), com&#8230;<\/p>\n","protected":false},"author":1182,"featured_media":11035,"comment_status":"closed","ping_status":"closed","sticky":false,"template":"","format":"standard","meta":{"footnotes":""},"categories":[6],"tags":[114,88,1693,493,1643,1694,1005,1041,635],"class_list":["post-11026","post","type-post","status-publish","format-standard","has-post-thumbnail","hentry","category-noticias","tag-acidente","tag-bacia","tag-camorim","tag-campos","tag-desaparecidos","tag-mercurio-del-golfo","tag-mortes","tag-rebocador","tag-tripulantes"],"_links":{"self":[{"href":"https:\/\/www.sincomam.org.br\/index.php\/wp-json\/wp\/v2\/posts\/11026","targetHints":{"allow":["GET"]}}],"collection":[{"href":"https:\/\/www.sincomam.org.br\/index.php\/wp-json\/wp\/v2\/posts"}],"about":[{"href":"https:\/\/www.sincomam.org.br\/index.php\/wp-json\/wp\/v2\/types\/post"}],"author":[{"embeddable":true,"href":"https:\/\/www.sincomam.org.br\/index.php\/wp-json\/wp\/v2\/users\/1182"}],"replies":[{"embeddable":true,"href":"https:\/\/www.sincomam.org.br\/index.php\/wp-json\/wp\/v2\/comments?post=11026"}],"version-history":[{"count":31,"href":"https:\/\/www.sincomam.org.br\/index.php\/wp-json\/wp\/v2\/posts\/11026\/revisions"}],"predecessor-version":[{"id":11085,"href":"https:\/\/www.sincomam.org.br\/index.php\/wp-json\/wp\/v2\/posts\/11026\/revisions\/11085"}],"wp:featuredmedia":[{"embeddable":true,"href":"https:\/\/www.sincomam.org.br\/index.php\/wp-json\/wp\/v2\/media\/11035"}],"wp:attachment":[{"href":"https:\/\/www.sincomam.org.br\/index.php\/wp-json\/wp\/v2\/media?parent=11026"}],"wp:term":[{"taxonomy":"category","embeddable":true,"href":"https:\/\/www.sincomam.org.br\/index.php\/wp-json\/wp\/v2\/categories?post=11026"},{"taxonomy":"post_tag","embeddable":true,"href":"https:\/\/www.sincomam.org.br\/index.php\/wp-json\/wp\/v2\/tags?post=11026"}],"curies":[{"name":"wp","href":"https:\/\/api.w.org\/{rel}","templated":true}]}}