{"id":11023,"date":"2015-03-10T10:48:31","date_gmt":"2015-03-10T13:48:31","guid":{"rendered":"http:\/\/www.sincomam.org.br\/?p=11023"},"modified":"2015-03-10T10:48:31","modified_gmt":"2015-03-10T13:48:31","slug":"trabalhadores-do-comperj-mantem-ocupacao-do-predio-do-trt-no-rio","status":"publish","type":"post","link":"https:\/\/www.sincomam.org.br\/index.php\/trabalhadores-do-comperj-mantem-ocupacao-do-predio-do-trt-no-rio\/","title":{"rendered":"Trabalhadores do Comperj mant\u00eam ocupa\u00e7\u00e3o do pr\u00e9dio do TRT no Rio"},"content":{"rendered":"<p>Um grupo de trabalhadores do Complexo Petroqu\u00edmico do Rio de Janeiro (Comperj) continua ocupando a sede do Tribunal Regional do Trabalho (TRT), no centro da cidade. Eles impediram que os funcion\u00e1rios deixassem o local, mas, por volta das 20h de ontem, as mulheres foram liberadas e, em seguida, \u00e0s 21h10, os homens puderam sair.<\/p>\n<p>Mais cedo, os manifestantes bloquearam as duas entradas do pr\u00e9dio com mesas e cadeiras. Uma bomba foi jogada pr\u00f3ximo aos elevadores. A a\u00e7\u00e3o ocorreu ap\u00f3s reuni\u00e3o de concilia\u00e7\u00e3o entre os trabalhadores e representantes da empresa, da presid\u00eancia do tribunal, do Minist\u00e9rio P\u00fablico do Trabalho (MPT) e o ministro do Trabalho, Manoel Dias.<\/p>\n<p>Os trabalhadores est\u00e3o h\u00e1 tr\u00eas meses sem receber, depois que a empresa Alumini teve o contrato suspenso com a Petrobras.<\/p>\n<p>A reuni\u00e3o definiu que a Petrobras vai informar, at\u00e9 o fim desta semana, se reconhece o d\u00e9bito de quase R$ 14 milh\u00f5es com a Alumini, que se comprometeu a usar o dinheiro para pagar as rescis\u00f5es trabalhistas.<\/p>\n<p>No entanto, os trabalhadores que n\u00e3o participaram da reuni\u00e3o discordaram do acordo e resolveram ocupar o pr\u00e9dio. Policiais militares do Batalh\u00e3o de Choque foram chamados e cercam os principais acessos ao local. A presidenta do TRT, desembargadora Maria das Gra\u00e7as Paranhos, cogitou ingressar na Justi\u00e7a com pedido de reintegra\u00e7\u00e3o de posse do im\u00f3vel, caso n\u00e3o haja a desocupa\u00e7\u00e3o.<\/p>\n<p>As negocia\u00e7\u00f5es entre os trabalhadores e a dire\u00e7\u00e3o do TRT foram feitas pela deputada federal Jandira Feghali\u00a0 (PCdoB-RJ).\u00a0 O Minist\u00e9rio P\u00fablico do Trabalho foi convocado para entrar na Justi\u00e7a com pedido de rescis\u00e3o dos contratos dos trabalhadores, pois o sindicato da categoria, que seria o autor natural da medida, n\u00e3o \u00e9 mais considerado representante leg\u00edtimo pelos trabalhadores do Comperj.<\/p>\n<p>Fonte: Ag\u00eancia Brasil \/ Foto: Greve no Comperj<\/p>\n","protected":false},"excerpt":{"rendered":"<p>Um grupo de trabalhadores do Complexo Petroqu\u00edmico do Rio de Janeiro (Comperj) continua ocupando a sede do Tribunal Regional do Trabalho (TRT), no centro da&#8230;<\/p>\n","protected":false},"author":1182,"featured_media":3719,"comment_status":"closed","ping_status":"closed","sticky":false,"template":"","format":"standard","meta":{"footnotes":""},"categories":[6],"tags":[],"class_list":["post-11023","post","type-post","status-publish","format-standard","has-post-thumbnail","hentry","category-noticias"],"_links":{"self":[{"href":"https:\/\/www.sincomam.org.br\/index.php\/wp-json\/wp\/v2\/posts\/11023","targetHints":{"allow":["GET"]}}],"collection":[{"href":"https:\/\/www.sincomam.org.br\/index.php\/wp-json\/wp\/v2\/posts"}],"about":[{"href":"https:\/\/www.sincomam.org.br\/index.php\/wp-json\/wp\/v2\/types\/post"}],"author":[{"embeddable":true,"href":"https:\/\/www.sincomam.org.br\/index.php\/wp-json\/wp\/v2\/users\/1182"}],"replies":[{"embeddable":true,"href":"https:\/\/www.sincomam.org.br\/index.php\/wp-json\/wp\/v2\/comments?post=11023"}],"version-history":[{"count":1,"href":"https:\/\/www.sincomam.org.br\/index.php\/wp-json\/wp\/v2\/posts\/11023\/revisions"}],"predecessor-version":[{"id":11024,"href":"https:\/\/www.sincomam.org.br\/index.php\/wp-json\/wp\/v2\/posts\/11023\/revisions\/11024"}],"wp:featuredmedia":[{"embeddable":true,"href":"https:\/\/www.sincomam.org.br\/index.php\/wp-json\/wp\/v2\/media\/3719"}],"wp:attachment":[{"href":"https:\/\/www.sincomam.org.br\/index.php\/wp-json\/wp\/v2\/media?parent=11023"}],"wp:term":[{"taxonomy":"category","embeddable":true,"href":"https:\/\/www.sincomam.org.br\/index.php\/wp-json\/wp\/v2\/categories?post=11023"},{"taxonomy":"post_tag","embeddable":true,"href":"https:\/\/www.sincomam.org.br\/index.php\/wp-json\/wp\/v2\/tags?post=11023"}],"curies":[{"name":"wp","href":"https:\/\/api.w.org\/{rel}","templated":true}]}}