{"id":11017,"date":"2015-03-10T10:38:30","date_gmt":"2015-03-10T13:38:30","guid":{"rendered":"http:\/\/www.sincomam.org.br\/?p=11017"},"modified":"2015-03-10T10:38:30","modified_gmt":"2015-03-10T13:38:30","slug":"dilma-reune-cupula-do-pt-e-cobra-ajuste-fiscal-no-ir","status":"publish","type":"post","link":"https:\/\/www.sincomam.org.br\/index.php\/dilma-reune-cupula-do-pt-e-cobra-ajuste-fiscal-no-ir\/","title":{"rendered":"Dilma re\u00fane c\u00fapula do PT e cobra ajuste fiscal no IR"},"content":{"rendered":"<p><strong><em>Governo tenta acertar uma alternativa \u00e0 corre\u00e7\u00e3o de 6,5% da tabela do Imposto de Renda<\/em><\/strong><\/p>\n<p>A presidente Dilma Rousseff reuniu, na noite desta segunda-feira, ministros e l\u00edderes petistas para cobrar apoio do PT ao ajuste fiscal do governo e debater uma proposta alternativa \u00e0 corre\u00e7\u00e3o da tabela do Imposto de Renda da Pessoa F\u00edsica (IRPF). O governo corre para acertar uma alternativa \u00e0 corre\u00e7\u00e3o de 6,5%, aprovada no fim do ano passado, e evitar que o Congresso derrube o veto presidencial, que deve ser votado nesta quarta-feira.<\/p>\n<p>\u2014 Foi uma reuni\u00e3o pol\u00edtica para discutir a quest\u00e3o do ajuste e a tabela do IR. Reuni\u00e3o com os l\u00edderes do PT para discutir a necessidade de o PT apoiar as medidas do ajuste \u2014 disse o l\u00edder do governo na C\u00e2mara, Jos\u00e9 Guimar\u00e3es (PT-CE).<\/p>\n<p>As bancadas do PT na C\u00e2mara e no Senado t\u00eam defendido mudan\u00e7as nas medidas do ajuste fiscal. Parlamentares do partido apresentaram emendas \u00e0s medidas provis\u00f3rias que mudam as regras de pagamentos de benef\u00edcios previdenci\u00e1rios e trabalhistas.<\/p>\n<p>&#8211; Na minha opini\u00e3o, nesta hora, \u00e9 fundamental o PT apoiar o governo em todas as dimens\u00f5es \u2014 afirmou Guimar\u00e3es.<\/p>\n<p>Segundo Guimar\u00e3es, o governo est\u00e1 discutindo a proposta de corre\u00e7\u00e3o da tabela do IR. No m\u00eas passado, a presidente afirmou que o compromisso do governo \u00e9 com uma corre\u00e7\u00e3o de 4,5% e que os 6,5% aprovados pelos parlamentares n\u00e3o cabem no Or\u00e7amento da Uni\u00e3o.<\/p>\n<p>\u2014 Estamos discutindo. N\u00e3o tem nada definido. Estamos ouvindo as sugest\u00f5es e buscando o entendimento com o Congresso. N\u00e3o tem hora (para apresentar a proposta). Vamos aguardar \u2014 disse Guimar\u00e3es, ao sair do Pal\u00e1cio da Alvorada.<\/p>\n<p>O l\u00edder afirmou que o governo est\u00e1 buscando o entendimento com o Congresso para aprovar as medidas do ajuste fiscal e evitar propostas que representem aumento de despesas. Segundo Guimar\u00e3es, o Pal\u00e1cio do Planalto est\u00e1 conversando com os presidentes da C\u00e2mara e do Senado, Eduardo Cunha (PMDB-RJ) e Renan Calheiros (PMDB-AL), para ajustar as vota\u00e7\u00f5es de interesse do governo.<\/p>\n<p>\u2014 Di\u00e1logo, di\u00e1logo, di\u00e1logo. \u00c9 conversar, recompor a base e votar o ajuste. O pa\u00eds precisa do ajuste, negociando com as duas Casas, para o bem do Brasil, para restabelecer a governabilidade \u2014 afirmou.<\/p>\n<p>Al\u00e9m de Guimar\u00e3es, participaram do jantar com Dilma os senadores Humberto Costa, l\u00edder do PT no Senado; e Jos\u00e9 Pimentel, l\u00edder do governo no Congresso; o deputado Sib\u00e1 Machado, l\u00edder do PT na C\u00e2mara; e o assessor especial da Presid\u00eancia Giles Azevedo. Tamb\u00e9m estavam no encontro os ministros petistas Aloizio Mercadante (Casa Civil), Pepe Vargas (Rela\u00e7\u00f5es Institucionais), Miguel Rossetto (Secretaria-Geral), Ricardo Berzoini (Comunica\u00e7\u00f5es) e Jos\u00e9 Eduardo Cardozo (Justi\u00e7a).<\/p>\n<p>Fonte: O Globo \/ Luiza Dam\u00e9<\/p>\n","protected":false},"excerpt":{"rendered":"<p>Governo tenta acertar uma alternativa \u00e0 corre\u00e7\u00e3o de 6,5% da tabela do Imposto de Renda A presidente Dilma Rousseff reuniu, na noite desta segunda-feira, ministros&#8230;<\/p>\n","protected":false},"author":1182,"featured_media":5747,"comment_status":"closed","ping_status":"closed","sticky":false,"template":"","format":"standard","meta":{"footnotes":""},"categories":[6],"tags":[1691,181,1370,1657,260,1692],"class_list":["post-11017","post","type-post","status-publish","format-standard","has-post-thumbnail","hentry","category-noticias","tag-ajuste","tag-dilma","tag-imposto","tag-renda","tag-reuniao","tag-tabela"],"_links":{"self":[{"href":"https:\/\/www.sincomam.org.br\/index.php\/wp-json\/wp\/v2\/posts\/11017","targetHints":{"allow":["GET"]}}],"collection":[{"href":"https:\/\/www.sincomam.org.br\/index.php\/wp-json\/wp\/v2\/posts"}],"about":[{"href":"https:\/\/www.sincomam.org.br\/index.php\/wp-json\/wp\/v2\/types\/post"}],"author":[{"embeddable":true,"href":"https:\/\/www.sincomam.org.br\/index.php\/wp-json\/wp\/v2\/users\/1182"}],"replies":[{"embeddable":true,"href":"https:\/\/www.sincomam.org.br\/index.php\/wp-json\/wp\/v2\/comments?post=11017"}],"version-history":[{"count":1,"href":"https:\/\/www.sincomam.org.br\/index.php\/wp-json\/wp\/v2\/posts\/11017\/revisions"}],"predecessor-version":[{"id":11019,"href":"https:\/\/www.sincomam.org.br\/index.php\/wp-json\/wp\/v2\/posts\/11017\/revisions\/11019"}],"wp:featuredmedia":[{"embeddable":true,"href":"https:\/\/www.sincomam.org.br\/index.php\/wp-json\/wp\/v2\/media\/5747"}],"wp:attachment":[{"href":"https:\/\/www.sincomam.org.br\/index.php\/wp-json\/wp\/v2\/media?parent=11017"}],"wp:term":[{"taxonomy":"category","embeddable":true,"href":"https:\/\/www.sincomam.org.br\/index.php\/wp-json\/wp\/v2\/categories?post=11017"},{"taxonomy":"post_tag","embeddable":true,"href":"https:\/\/www.sincomam.org.br\/index.php\/wp-json\/wp\/v2\/tags?post=11017"}],"curies":[{"name":"wp","href":"https:\/\/api.w.org\/{rel}","templated":true}]}}