{"id":10997,"date":"2015-03-09T10:11:08","date_gmt":"2015-03-09T13:11:08","guid":{"rendered":"http:\/\/www.sincomam.org.br\/?p=10997"},"modified":"2015-03-09T10:18:30","modified_gmt":"2015-03-09T13:18:30","slug":"centrais-e-movimentos-sociais-organizam-manifestacao-no-dia-13-de-marco","status":"publish","type":"post","link":"https:\/\/www.sincomam.org.br\/index.php\/centrais-e-movimentos-sociais-organizam-manifestacao-no-dia-13-de-marco\/","title":{"rendered":"Centrais e movimentos sociais organizam manifesta\u00e7\u00e3o no dia 13 de mar\u00e7o"},"content":{"rendered":"<p><strong><em>CSB assina o manifesto conjunto divulgado pelas entidades e participa do ato na Avenida Paulista e em todo Brasil<\/em><\/strong><\/p>\n<p>A CSB, algumas centrais sindicais e movimentos sociais far\u00e3o, no dia 13 de mar\u00e7o, uma manifesta\u00e7\u00e3o em todo o Brasil em defesa dos direitos trabalhistas, da Petrobras e contra o retrocesso. Em S\u00e3o Paulo, a concentra\u00e7\u00e3o ser\u00e1 \u00e0s 16 horas, na Avenida Paulista, 901, em frente ao pr\u00e9dio da Petrobras.<\/p>\n<p>Para convocar os trabalhadores, as entidades divulgaram hoje, 5 de mar\u00e7o, um manifesto contra as MPs 664 e 665, e em defesa da estatal de petr\u00f3leo brasileira. No documento, centrais e movimentos sociais afirmam que est\u00e3o \u201cem alerta, mobilizados e organizados, prontos para ir \u00e0s ruas de todo o pa\u00eds defender a democracia e os interesses da classe trabalhadora e da sociedade sempre que afrontarem a liberdade e atacarem os direitos dos trabalhadores\u201d.<\/p>\n<p>Segundo as entidades, \u201cas MPs 664 e 665, que restringem o acesso ao seguro desemprego, ao abono salarial, pens\u00e3o por morte e aux\u00edlio-doen\u00e7a, s\u00e3o ataques a direitos duramente conquistados pela classe trabalhadora\u201d. A nota declara ainda que \u201cse o governo quer combater fraudes, deve aprimorar a fiscaliza\u00e7\u00e3o; se quer combater a alta taxa de rotatividade, que taxe as empresas onde os \u00edndices de demiss\u00e3o imotivada s\u00e3o mais altos do que as empresas do setor, e que ratifique a Conven\u00e7\u00e3o 158 da OIT\u201d.<\/p>\n<p>Em rela\u00e7\u00e3o \u00e0 Petrobras, o ato refor\u00e7ar\u00e1 o objetivo de defesa e soberania da companhia. \u201cDefender a Petrobr\u00e1s \u00e9 defender a empresa que mais investe no Brasil \u2013 mais de R$ 300 milh\u00f5es por dia \u2013 e que representa 13% do PIB Nacional. \u00c9 defender mais e melhores empregos e avan\u00e7os tecnol\u00f3gicos. \u00c9 defender uma Na\u00e7\u00e3o mais justa e igualit\u00e1ria\u201d, diz o manifesto das entidades.<\/p>\n<p>Na avalia\u00e7\u00e3o das centrais, a investiga\u00e7\u00e3o das den\u00fancias de corrup\u00e7\u00e3o na empresa \u00e9 necess\u00e1ria, e \u00e9 essencial \u201cque todos os denunciados sejam investigados e, comprovados os crimes, sejam presos. Tanto os corruptores, como os corruptos\u201d. \u201cA bandeira contra a corrup\u00e7\u00e3o \u00e9 dos movimentos social e sindical\u201d, completa o documento.<\/p>\n<p>Para o movimento sindical, defender a Petrobras \u201c\u00e9 n\u00e3o permitir que as empresas nacionais sejam inviabilizadas para dar lugar a empresas estrangeiras\u201d. De acordo com a nota, \u201cessas empresas brasileiras det\u00eam tecnologia de ponta empregada na constru\u00e7\u00e3o das maiores obras no Brasil e no exterior\u201d.<\/p>\n<p>A manifesta\u00e7\u00e3o tem tamb\u00e9m o objetivo de unificar a base de lutas das entidades e mostrar a for\u00e7a do movimento sindical na defesa dos trabalhadores brasileiros. Segundo elas, \u201cum dos maiores desafios hoje \u00e9 defender, de forma unificada e organizada, o projeto de desenvolvimento econ\u00f4mico com distribui\u00e7\u00e3o de renda, justi\u00e7a e inclus\u00e3o social, al\u00e9m de defender uma Na\u00e7\u00e3o mais justa para todos\u201d.<\/p>\n<p>Fonte: CSB<\/p>\n","protected":false},"excerpt":{"rendered":"<p>CSB assina o manifesto conjunto divulgado pelas entidades e participa do ato na Avenida Paulista e em todo Brasil A CSB, algumas centrais sindicais e&#8230;<\/p>\n","protected":false},"author":1182,"featured_media":11000,"comment_status":"closed","ping_status":"closed","sticky":false,"template":"","format":"standard","meta":{"footnotes":""},"categories":[6],"tags":[1689,544,145,245,704,1690,58,17],"class_list":["post-10997","post","type-post","status-publish","format-standard","has-post-thumbnail","hentry","category-noticias","tag-csb","tag-emprego","tag-justica","tag-manifestacao","tag-marco","tag-paulista","tag-petrobras","tag-sincomam"],"_links":{"self":[{"href":"https:\/\/www.sincomam.org.br\/index.php\/wp-json\/wp\/v2\/posts\/10997","targetHints":{"allow":["GET"]}}],"collection":[{"href":"https:\/\/www.sincomam.org.br\/index.php\/wp-json\/wp\/v2\/posts"}],"about":[{"href":"https:\/\/www.sincomam.org.br\/index.php\/wp-json\/wp\/v2\/types\/post"}],"author":[{"embeddable":true,"href":"https:\/\/www.sincomam.org.br\/index.php\/wp-json\/wp\/v2\/users\/1182"}],"replies":[{"embeddable":true,"href":"https:\/\/www.sincomam.org.br\/index.php\/wp-json\/wp\/v2\/comments?post=10997"}],"version-history":[{"count":1,"href":"https:\/\/www.sincomam.org.br\/index.php\/wp-json\/wp\/v2\/posts\/10997\/revisions"}],"predecessor-version":[{"id":10999,"href":"https:\/\/www.sincomam.org.br\/index.php\/wp-json\/wp\/v2\/posts\/10997\/revisions\/10999"}],"wp:featuredmedia":[{"embeddable":true,"href":"https:\/\/www.sincomam.org.br\/index.php\/wp-json\/wp\/v2\/media\/11000"}],"wp:attachment":[{"href":"https:\/\/www.sincomam.org.br\/index.php\/wp-json\/wp\/v2\/media?parent=10997"}],"wp:term":[{"taxonomy":"category","embeddable":true,"href":"https:\/\/www.sincomam.org.br\/index.php\/wp-json\/wp\/v2\/categories?post=10997"},{"taxonomy":"post_tag","embeddable":true,"href":"https:\/\/www.sincomam.org.br\/index.php\/wp-json\/wp\/v2\/tags?post=10997"}],"curies":[{"name":"wp","href":"https:\/\/api.w.org\/{rel}","templated":true}]}}