{"id":10977,"date":"2015-03-06T08:23:41","date_gmt":"2015-03-06T11:23:41","guid":{"rendered":"http:\/\/www.sincomam.org.br\/?p=10977"},"modified":"2015-03-05T16:16:41","modified_gmt":"2015-03-05T19:16:41","slug":"marinha-do-brasil-recebe-area-em-fernando-de-noronha-para-instalacao-de-estacao-cientifica","status":"publish","type":"post","link":"https:\/\/www.sincomam.org.br\/index.php\/marinha-do-brasil-recebe-area-em-fernando-de-noronha-para-instalacao-de-estacao-cientifica\/","title":{"rendered":"Marinha do Brasil recebe \u00e1rea em Fernando de Noronha para instala\u00e7\u00e3o de Esta\u00e7\u00e3o Cient\u00edfica"},"content":{"rendered":"<p>A Marinha do Brasil, por meio da Secretaria da Comiss\u00e3o Interministerial para os Recursos do Mar, recebeu da Secretaria do Patrim\u00f4nio da Uni\u00e3o, no dia 6 de fevereiro, uma \u00e1rea com cerca de 600 m\u00b2 para instalar uma Esta\u00e7\u00e3o Cient\u00edfica. O local fica situado em Fernando de Noronha (PE), nas proximidades do Porto Santo Ant\u00f4nio.<\/p>\n<p>A futura Esta\u00e7\u00e3o, como a nova Esta\u00e7\u00e3o Ant\u00e1rtica Comandante Ferraz, contar\u00e1 com as melhores pr\u00e1ticas internacionais. Ela ser\u00e1 um modelo ambiental nas quest\u00f5es de gera\u00e7\u00e3o de energia renov\u00e1vel, do uso racional da \u00e1gua e do tratamento de esgoto e lixo. Cabe ressaltar que sua constru\u00e7\u00e3o ser\u00e1 baseada em modernas t\u00e9cnicas, valendo-se da expertise adquirida nas Ilhas Oce\u00e2nicas, como em Trindade e no Arquip\u00e9lago de S\u00e3o Pedro e S\u00e3o Paulo.<\/p>\n<p>Ap\u00f3s a sua inaugura\u00e7\u00e3o, as pesquisas ser\u00e3o desenvolvidas em coopera\u00e7\u00e3o com Universidades e Centros Acad\u00eamicos de todo o Brasil. Dessa forma, a Marinha refor\u00e7a seu compromisso no apoio \u00e0s Pol\u00edticas Ambientais e na contribui\u00e7\u00e3o para o progresso da ci\u00eancia.<\/p>\n<p>Fonte: Marinha do Brasil<\/p>\n","protected":false},"excerpt":{"rendered":"<p>A Marinha do Brasil, por meio da Secretaria da Comiss\u00e3o Interministerial para os Recursos do Mar, recebeu da Secretaria do Patrim\u00f4nio da Uni\u00e3o, no dia&#8230;<\/p>\n","protected":false},"author":1182,"featured_media":10978,"comment_status":"closed","ping_status":"closed","sticky":false,"template":"","format":"standard","meta":{"footnotes":""},"categories":[6],"tags":[],"class_list":["post-10977","post","type-post","status-publish","format-standard","has-post-thumbnail","hentry","category-noticias"],"_links":{"self":[{"href":"https:\/\/www.sincomam.org.br\/index.php\/wp-json\/wp\/v2\/posts\/10977","targetHints":{"allow":["GET"]}}],"collection":[{"href":"https:\/\/www.sincomam.org.br\/index.php\/wp-json\/wp\/v2\/posts"}],"about":[{"href":"https:\/\/www.sincomam.org.br\/index.php\/wp-json\/wp\/v2\/types\/post"}],"author":[{"embeddable":true,"href":"https:\/\/www.sincomam.org.br\/index.php\/wp-json\/wp\/v2\/users\/1182"}],"replies":[{"embeddable":true,"href":"https:\/\/www.sincomam.org.br\/index.php\/wp-json\/wp\/v2\/comments?post=10977"}],"version-history":[{"count":1,"href":"https:\/\/www.sincomam.org.br\/index.php\/wp-json\/wp\/v2\/posts\/10977\/revisions"}],"predecessor-version":[{"id":10979,"href":"https:\/\/www.sincomam.org.br\/index.php\/wp-json\/wp\/v2\/posts\/10977\/revisions\/10979"}],"wp:featuredmedia":[{"embeddable":true,"href":"https:\/\/www.sincomam.org.br\/index.php\/wp-json\/wp\/v2\/media\/10978"}],"wp:attachment":[{"href":"https:\/\/www.sincomam.org.br\/index.php\/wp-json\/wp\/v2\/media?parent=10977"}],"wp:term":[{"taxonomy":"category","embeddable":true,"href":"https:\/\/www.sincomam.org.br\/index.php\/wp-json\/wp\/v2\/categories?post=10977"},{"taxonomy":"post_tag","embeddable":true,"href":"https:\/\/www.sincomam.org.br\/index.php\/wp-json\/wp\/v2\/tags?post=10977"}],"curies":[{"name":"wp","href":"https:\/\/api.w.org\/{rel}","templated":true}]}}