{"id":10974,"date":"2015-03-06T08:00:10","date_gmt":"2015-03-06T11:00:10","guid":{"rendered":"http:\/\/www.sincomam.org.br\/?p=10974"},"modified":"2015-03-05T16:03:58","modified_gmt":"2015-03-05T19:03:58","slug":"sobe-para-17-o-numero-de-casos-confirmados-de-malaria-no-rio","status":"publish","type":"post","link":"https:\/\/www.sincomam.org.br\/index.php\/sobe-para-17-o-numero-de-casos-confirmados-de-malaria-no-rio\/","title":{"rendered":"Sobe para 17 o n\u00famero de casos confirmados de mal\u00e1ria no Rio"},"content":{"rendered":"<p><strong><em>Situa\u00e7\u00e3o de alerta \u00e9 direcionada para pessoas que v\u00e3o visitar regi\u00f5es pr\u00f3ximas \u00e0 Mata Atl\u00e2ntica<\/em><\/strong><\/p>\n<p>O n\u00famero de casos confirmados de mal\u00e1ria no estado do Rio de Janeiro subiu para 17 at\u00e9 esta quarta-feira, de acordo com a Superintend\u00eancia de Vigil\u00e2ncia Epidemiol\u00f3gica e Ambiental da Secretaria de Estado de Sa\u00fade. Os prov\u00e1veis locais de infec\u00e7\u00e3o, segundo a pasta, s\u00e3o os munic\u00edpios de Miguel Pereira (3), Nova Friburgo (2), Petr\u00f3polis (2) e Teres\u00f3polis (1). A origem dos outros nove casos j\u00e1 confirmados permanece em investiga\u00e7\u00e3o.<\/p>\n<p>Nos \u00faltimos tr\u00eas anos, segundo a pasta, o Rio de Janeiro registrou uma m\u00e9dia anual de sete casos aut\u00f3ctones (cont\u00e1gio dentro do Estado) confirmados de mal\u00e1ria, transmitida pelo mosquito Anopheles kertezia cruzii. Eles ocorreram principalmente nas regi\u00f5es Serrana, Centro-Sul e Norte. Em 2014, foram oito casos, em 2013, sete, e seis em 2012.<\/p>\n<p>Por meio de nota, a secretaria informou que \u201c\u00e9 preciso deixar claro ainda que a situa\u00e7\u00e3o de alerta \u00e9 direcionada para as pessoas que ir\u00e3o visitar as regi\u00f5es pr\u00f3ximas \u00e0 Mata Atl\u00e2ntica, devido ao forte calor, que favorece o desenvolvimento do mosquito.\u201d<\/p>\n<p>O texto segue explicando que a transmiss\u00e3o ocorre em ambiente silvestre e a orienta\u00e7\u00e3o \u00e9 para que as pessoas que tenham frequentado \u00e1reas de Mata Atl\u00e2ntica e apresentem quadro febril busquem atendimento m\u00e9dico, informando o hist\u00f3rico de viagem, para facilitar o diagn\u00f3stico e o in\u00edcio de tratamento adequado.<\/p>\n<p>N\u00e3o h\u00e1 \u00f3bitos confirmados, e os casos registrados apresentam a vers\u00e3o branda da doen\u00e7a at\u00e9 o momento.<\/p>\n<p>Fonte: O Globo<\/p>\n","protected":false},"excerpt":{"rendered":"<p>Situa\u00e7\u00e3o de alerta \u00e9 direcionada para pessoas que v\u00e3o visitar regi\u00f5es pr\u00f3ximas \u00e0 Mata Atl\u00e2ntica O n\u00famero de casos confirmados de mal\u00e1ria no estado do&#8230;<\/p>\n","protected":false},"author":1182,"featured_media":3740,"comment_status":"closed","ping_status":"closed","sticky":false,"template":"","format":"standard","meta":{"footnotes":""},"categories":[6],"tags":[],"class_list":["post-10974","post","type-post","status-publish","format-standard","has-post-thumbnail","hentry","category-noticias"],"_links":{"self":[{"href":"https:\/\/www.sincomam.org.br\/index.php\/wp-json\/wp\/v2\/posts\/10974","targetHints":{"allow":["GET"]}}],"collection":[{"href":"https:\/\/www.sincomam.org.br\/index.php\/wp-json\/wp\/v2\/posts"}],"about":[{"href":"https:\/\/www.sincomam.org.br\/index.php\/wp-json\/wp\/v2\/types\/post"}],"author":[{"embeddable":true,"href":"https:\/\/www.sincomam.org.br\/index.php\/wp-json\/wp\/v2\/users\/1182"}],"replies":[{"embeddable":true,"href":"https:\/\/www.sincomam.org.br\/index.php\/wp-json\/wp\/v2\/comments?post=10974"}],"version-history":[{"count":1,"href":"https:\/\/www.sincomam.org.br\/index.php\/wp-json\/wp\/v2\/posts\/10974\/revisions"}],"predecessor-version":[{"id":10975,"href":"https:\/\/www.sincomam.org.br\/index.php\/wp-json\/wp\/v2\/posts\/10974\/revisions\/10975"}],"wp:featuredmedia":[{"embeddable":true,"href":"https:\/\/www.sincomam.org.br\/index.php\/wp-json\/wp\/v2\/media\/3740"}],"wp:attachment":[{"href":"https:\/\/www.sincomam.org.br\/index.php\/wp-json\/wp\/v2\/media?parent=10974"}],"wp:term":[{"taxonomy":"category","embeddable":true,"href":"https:\/\/www.sincomam.org.br\/index.php\/wp-json\/wp\/v2\/categories?post=10974"},{"taxonomy":"post_tag","embeddable":true,"href":"https:\/\/www.sincomam.org.br\/index.php\/wp-json\/wp\/v2\/tags?post=10974"}],"curies":[{"name":"wp","href":"https:\/\/api.w.org\/{rel}","templated":true}]}}