{"id":10972,"date":"2015-03-06T08:18:30","date_gmt":"2015-03-06T11:18:30","guid":{"rendered":"http:\/\/www.sincomam.org.br\/?p=10972"},"modified":"2015-03-05T15:59:54","modified_gmt":"2015-03-05T18:59:54","slug":"nivel-do-rio-acre-continua-subindo-e-cheia-e-prejudica-87-mil-pessoas","status":"publish","type":"post","link":"https:\/\/www.sincomam.org.br\/index.php\/nivel-do-rio-acre-continua-subindo-e-cheia-e-prejudica-87-mil-pessoas\/","title":{"rendered":"N\u00edvel do Rio Acre continua subindo e cheia e prejudica 87 mil pessoas"},"content":{"rendered":"<p>A prefeitura de Rio Branco, capital acriana, informou nesta quarta-feira (4) que chega a 87 mil o n\u00famero de pessoas prejudicadas pela cheia hist\u00f3rica do Rio Acre. Conforme os dados da prefeitura, 53 bairros da cidade est\u00e3o alagados, o equivalente a uma \u00e1rea de 5 mil hectares. Os abrigos dispon\u00edveis acolhem 8.509 pessoas. Com tr\u00eas pontes interditadas, a popula\u00e7\u00e3o sofre ainda com o desabastecimento de \u00e1gua e energia.<\/p>\n<p>De acordo com medi\u00e7\u00e3o feita pela Defesa Civil na manh\u00e3 de hoje, o n\u00edvel do rio continua subindo em Rio Branco. Nas 24 horas entre uma medi\u00e7\u00e3o e outra, o n\u00edvel subiu 24 cent\u00edmetros, chegando a 18.34 metros.<\/p>\n<p>Para diminuir o fluxo de pessoas no centro da cidade e mobilizar mais volunt\u00e1rios, o governo estadual e a prefeitura decretaram ponto facultativo nas reparti\u00e7\u00f5es p\u00fablicas at\u00e9 o fim desta semana. A Defesa Civil e o Corpo de Bombeiros apelam para que propriet\u00e1rios de barcos e caminh\u00f5es disponibilizem esses equipamentos para ajudar no socorro aos desabrigados.<\/p>\n<p>Outra preocupa\u00e7\u00e3o das autoridades locais \u00e9 com as comunidades rurais, porque a enchente vem causando preju\u00edzos a centenas de agricultores familiares. Segundo levantamento dos governos estadual e municipal, a enchente prejudica a produ\u00e7\u00e3o agr\u00edcola de 32 \u00e1reas rurais em 4,5 mil hectares de \u00e1rea atingida. Os preju\u00edzos para os produtores somam R$ 52 milh\u00f5es.<\/p>\n<p>Desde ter\u00e7a-feira (3), o ministro da Integra\u00e7\u00e3o Nacional, Gilberto Occhi, est\u00e1 no Acre, onde visitou abrigos, sobrevoou \u00e1reas atingidas e manteve reuni\u00f5es t\u00e9cnicas para enfrentamento da situa\u00e7\u00e3o. Em nota, o minist\u00e9rio informou ter recebido do governo estadual uma lista de 3,2 mil fam\u00edlias vivendo em \u00e1reas de risco.<\/p>\n<p>Conforme a nota, a proposta \u00e9 que essas fam\u00edlias recebam moradias do Programa Minha Casa, Minha Vida. Portaria do Minist\u00e9rio das Cidades prev\u00ea essa situa\u00e7\u00e3o em casos de emerg\u00eancia e calamidade p\u00fablica.<\/p>\n<p>A estrat\u00e9gia foi discutida em reuni\u00e3o realizada nesta ter\u00e7a (3), em Rio Branco, entre representantes dos minist\u00e9rios da Integra\u00e7\u00e3o Nacional e das Cidades, do governo do Acre, do Banco do Brasil, da Prefeitura de Rio Branco e da Caixa Econ\u00f4mica Federal.<\/p>\n<p>Nesta quinta-feira (5), Occhi segue para o munic\u00edpio de Eirunep\u00e9, no Amazonas, onde se encontrar\u00e1 com o governador do Amazonas, Jos\u00e9 Melo. Eirunep\u00e9 \u00e9 um dos sete munic\u00edpios amazonenses atingidos por inunda\u00e7\u00f5es que tiveram reconhecimento de situa\u00e7\u00e3o de emerg\u00eancia publicado ontem. Os demais s\u00e3o: Boca do Acre, Carauari, Envira, Ipixuna, Itamarati e Tapau\u00e1.<\/p>\n<p>Fonte: Ag\u00eancia Brasil<\/p>\n","protected":false},"excerpt":{"rendered":"<p>A prefeitura de Rio Branco, capital acriana, informou nesta quarta-feira (4) que chega a 87 mil o n\u00famero de pessoas prejudicadas pela cheia hist\u00f3rica do&#8230;<\/p>\n","protected":false},"author":1182,"featured_media":4181,"comment_status":"closed","ping_status":"closed","sticky":false,"template":"","format":"standard","meta":{"footnotes":""},"categories":[6],"tags":[],"class_list":["post-10972","post","type-post","status-publish","format-standard","has-post-thumbnail","hentry","category-noticias"],"_links":{"self":[{"href":"https:\/\/www.sincomam.org.br\/index.php\/wp-json\/wp\/v2\/posts\/10972","targetHints":{"allow":["GET"]}}],"collection":[{"href":"https:\/\/www.sincomam.org.br\/index.php\/wp-json\/wp\/v2\/posts"}],"about":[{"href":"https:\/\/www.sincomam.org.br\/index.php\/wp-json\/wp\/v2\/types\/post"}],"author":[{"embeddable":true,"href":"https:\/\/www.sincomam.org.br\/index.php\/wp-json\/wp\/v2\/users\/1182"}],"replies":[{"embeddable":true,"href":"https:\/\/www.sincomam.org.br\/index.php\/wp-json\/wp\/v2\/comments?post=10972"}],"version-history":[{"count":1,"href":"https:\/\/www.sincomam.org.br\/index.php\/wp-json\/wp\/v2\/posts\/10972\/revisions"}],"predecessor-version":[{"id":10973,"href":"https:\/\/www.sincomam.org.br\/index.php\/wp-json\/wp\/v2\/posts\/10972\/revisions\/10973"}],"wp:featuredmedia":[{"embeddable":true,"href":"https:\/\/www.sincomam.org.br\/index.php\/wp-json\/wp\/v2\/media\/4181"}],"wp:attachment":[{"href":"https:\/\/www.sincomam.org.br\/index.php\/wp-json\/wp\/v2\/media?parent=10972"}],"wp:term":[{"taxonomy":"category","embeddable":true,"href":"https:\/\/www.sincomam.org.br\/index.php\/wp-json\/wp\/v2\/categories?post=10972"},{"taxonomy":"post_tag","embeddable":true,"href":"https:\/\/www.sincomam.org.br\/index.php\/wp-json\/wp\/v2\/tags?post=10972"}],"curies":[{"name":"wp","href":"https:\/\/api.w.org\/{rel}","templated":true}]}}