{"id":10953,"date":"2015-03-05T09:53:21","date_gmt":"2015-03-05T12:53:21","guid":{"rendered":"http:\/\/www.sincomam.org.br\/?p=10953"},"modified":"2015-03-05T09:53:21","modified_gmt":"2015-03-05T12:53:21","slug":"trabalhadores-de-estaleiros-fazem-protesto-em-niteroi","status":"publish","type":"post","link":"https:\/\/www.sincomam.org.br\/index.php\/trabalhadores-de-estaleiros-fazem-protesto-em-niteroi\/","title":{"rendered":"Trabalhadores de estaleiros fazem protesto em Niter\u00f3i"},"content":{"rendered":"<p>Um grupo de cerca de 250 trabalhadores dos estaleiros de Niter\u00f3i e S\u00e3o Gon\u00e7alo se re\u00fane na manh\u00e3 de ontem, quarta-feiram, no centro de Niter\u00f3i rumo \u00e0 sede da Petrobras, no Rio, para protestar contra as demiss\u00f5es na ind\u00fastria naval. Sob o grito de \u201cTrabalhador na rua, Petrobras a culpa \u00e9 sua\u201d, os manifestantes reivindicam a continuidade das obras nos estaleiros brasileiros.<\/p>\n<p>De acordo com o presidente do Sindicato dos Metal\u00fargicos de Niter\u00f3i e Itabora\u00ed, Edson Rocha, cerca de 2 mil oper\u00e1rios foram demitidos desde outubro nos estaleiros da regi\u00e3o. \u201cHoje, s\u00e3o 10 mil trabalhadores que temem o futuro de seus empregos\u201d, disse Rocha.<\/p>\n<p>Segundo o sindicalista, o estaleiro Enaval j\u00e1 anunciou que pode demitir mais 600 trabalhadores porque n\u00e3o est\u00e1 recebendo do cons\u00f3rcio Integra (Mendes Jr. e OSX).<\/p>\n<p>Desde janeiro, tamb\u00e9m foram demitidos 600 trabalhadores do estaleiro UTC. Sem novos contratos, a unidade pode demitir os 150 oper\u00e1rios remanescentes at\u00e9 abril. Outros 150 trabalhadores do estaleiro Alian\u00e7a e mais 80 empregados do estaleiro Vard, ambos em Niter\u00f3i, regi\u00e3o metropolitana do Rio, foram dispensados no per\u00edodo.<\/p>\n<p>A manifesta\u00e7\u00e3o conta com o apoio da Central \u00danica dos Trabalhadores (CUT) e Confedera\u00e7\u00e3o Nacional dos Metal\u00fargicos.<\/p>\n<p>Fonte: Valor Econ\u00f4mico\/Andr\u00e9 Ramalho<br \/>Foto: Estaleiro Brasa Niter\u00f3i\/RJ<\/p>\n","protected":false},"excerpt":{"rendered":"<p>Um grupo de cerca de 250 trabalhadores dos estaleiros de Niter\u00f3i e S\u00e3o Gon\u00e7alo se re\u00fane na manh\u00e3 de ontem, quarta-feiram, no centro de Niter\u00f3i&#8230;<\/p>\n","protected":false},"author":1182,"featured_media":7895,"comment_status":"closed","ping_status":"closed","sticky":false,"template":"","format":"standard","meta":{"footnotes":""},"categories":[6],"tags":[],"class_list":["post-10953","post","type-post","status-publish","format-standard","has-post-thumbnail","hentry","category-noticias"],"_links":{"self":[{"href":"https:\/\/www.sincomam.org.br\/index.php\/wp-json\/wp\/v2\/posts\/10953","targetHints":{"allow":["GET"]}}],"collection":[{"href":"https:\/\/www.sincomam.org.br\/index.php\/wp-json\/wp\/v2\/posts"}],"about":[{"href":"https:\/\/www.sincomam.org.br\/index.php\/wp-json\/wp\/v2\/types\/post"}],"author":[{"embeddable":true,"href":"https:\/\/www.sincomam.org.br\/index.php\/wp-json\/wp\/v2\/users\/1182"}],"replies":[{"embeddable":true,"href":"https:\/\/www.sincomam.org.br\/index.php\/wp-json\/wp\/v2\/comments?post=10953"}],"version-history":[{"count":1,"href":"https:\/\/www.sincomam.org.br\/index.php\/wp-json\/wp\/v2\/posts\/10953\/revisions"}],"predecessor-version":[{"id":10954,"href":"https:\/\/www.sincomam.org.br\/index.php\/wp-json\/wp\/v2\/posts\/10953\/revisions\/10954"}],"wp:featuredmedia":[{"embeddable":true,"href":"https:\/\/www.sincomam.org.br\/index.php\/wp-json\/wp\/v2\/media\/7895"}],"wp:attachment":[{"href":"https:\/\/www.sincomam.org.br\/index.php\/wp-json\/wp\/v2\/media?parent=10953"}],"wp:term":[{"taxonomy":"category","embeddable":true,"href":"https:\/\/www.sincomam.org.br\/index.php\/wp-json\/wp\/v2\/categories?post=10953"},{"taxonomy":"post_tag","embeddable":true,"href":"https:\/\/www.sincomam.org.br\/index.php\/wp-json\/wp\/v2\/tags?post=10953"}],"curies":[{"name":"wp","href":"https:\/\/api.w.org\/{rel}","templated":true}]}}