{"id":10950,"date":"2015-03-05T09:38:45","date_gmt":"2015-03-05T12:38:45","guid":{"rendered":"http:\/\/www.sincomam.org.br\/?p=10950"},"modified":"2015-03-05T09:38:45","modified_gmt":"2015-03-05T12:38:45","slug":"secretaria-de-portos-garante-aproximadamente-r-370-milhoes-para-dragagem","status":"publish","type":"post","link":"https:\/\/www.sincomam.org.br\/index.php\/secretaria-de-portos-garante-aproximadamente-r-370-milhoes-para-dragagem\/","title":{"rendered":"Secretaria de Portos garante aproximadamente R$ 370 milh\u00f5es para dragagem"},"content":{"rendered":"<p>A Secretaria Especial de Portos (SEP) anunciou em reuni\u00e3o com o superintendente do Porto do Rio Grande, Janir Branco, o resultado do Regime Diferenciado de Contrata\u00e7\u00f5es (RDC), que foi realizado de forma eletr\u00f4nica pela SEP na \u00faltima sexta-feira (27), autorizando um investimento aproximado de R$ 370 milh\u00f5es em dragagem para o Porto do Rio Grande. A reuni\u00e3o do superintendente ocorreu nesta quarta (4) pela manh\u00e3 em Bras\u00edlia. \u201c\u00c9 uma obra importante para a manuten\u00e7\u00e3o do calado e do fortalecimento do nosso superporto\u201d, afirmou o superintendente, Janir Branco. Tamb\u00e9m participou da reuni\u00e3o o Diretor T\u00e9cnico, engenheiro Darci Tartari.<\/p>\n<p>As a\u00e7\u00f5es visam \u00e0 contrata\u00e7\u00e3o da elabora\u00e7\u00e3o dos projetos b\u00e1sico e executivo e execu\u00e7\u00e3o das obras de dragagem por resultado para readequa\u00e7\u00e3o da geometria do canal de acesso aquavi\u00e1rio e dos ber\u00e7os do complexo portu\u00e1rio do Rio Grande. A licita\u00e7\u00e3o teve como empresa vencedora o Cons\u00f3rcio firmado pelas empresas Jan de Nul do Brasil Dragagem Ltda. e Dragabras Servi\u00e7os de Dragagem. O cons\u00f3rcio realizou a oferta de R$ 368.627.656,57, melhor proposta recebida pela SEP.<\/p>\n<p>O resultado do julgamento definitivo ser\u00e1 divulgado ap\u00f3s a apresenta\u00e7\u00e3o de todas as exig\u00eancias do edital e a confirma\u00e7\u00e3o do Minist\u00e9rio do Planejamento. \u201cA dragagem de manuten\u00e7\u00e3o \u00e9 essencial para garantir a operacionalidade do Porto do Rio Grande tornando o Estado competitivo na atra\u00e7\u00e3o de carga e de navios de grande porte\u201d, concluiu o superintendente. Ainda n\u00e3o h\u00e1 previs\u00e3o para a libera\u00e7\u00e3o do come\u00e7o das obras.<\/p>\n<p>Fonte: Jornal Agora RS<\/p>\n","protected":false},"excerpt":{"rendered":"<p>A Secretaria Especial de Portos (SEP) anunciou em reuni\u00e3o com o superintendente do Porto do Rio Grande, Janir Branco, o resultado do Regime Diferenciado de&#8230;<\/p>\n","protected":false},"author":1182,"featured_media":4044,"comment_status":"closed","ping_status":"closed","sticky":false,"template":"","format":"standard","meta":{"footnotes":""},"categories":[6],"tags":[],"class_list":["post-10950","post","type-post","status-publish","format-standard","has-post-thumbnail","hentry","category-noticias"],"_links":{"self":[{"href":"https:\/\/www.sincomam.org.br\/index.php\/wp-json\/wp\/v2\/posts\/10950","targetHints":{"allow":["GET"]}}],"collection":[{"href":"https:\/\/www.sincomam.org.br\/index.php\/wp-json\/wp\/v2\/posts"}],"about":[{"href":"https:\/\/www.sincomam.org.br\/index.php\/wp-json\/wp\/v2\/types\/post"}],"author":[{"embeddable":true,"href":"https:\/\/www.sincomam.org.br\/index.php\/wp-json\/wp\/v2\/users\/1182"}],"replies":[{"embeddable":true,"href":"https:\/\/www.sincomam.org.br\/index.php\/wp-json\/wp\/v2\/comments?post=10950"}],"version-history":[{"count":1,"href":"https:\/\/www.sincomam.org.br\/index.php\/wp-json\/wp\/v2\/posts\/10950\/revisions"}],"predecessor-version":[{"id":10951,"href":"https:\/\/www.sincomam.org.br\/index.php\/wp-json\/wp\/v2\/posts\/10950\/revisions\/10951"}],"wp:featuredmedia":[{"embeddable":true,"href":"https:\/\/www.sincomam.org.br\/index.php\/wp-json\/wp\/v2\/media\/4044"}],"wp:attachment":[{"href":"https:\/\/www.sincomam.org.br\/index.php\/wp-json\/wp\/v2\/media?parent=10950"}],"wp:term":[{"taxonomy":"category","embeddable":true,"href":"https:\/\/www.sincomam.org.br\/index.php\/wp-json\/wp\/v2\/categories?post=10950"},{"taxonomy":"post_tag","embeddable":true,"href":"https:\/\/www.sincomam.org.br\/index.php\/wp-json\/wp\/v2\/tags?post=10950"}],"curies":[{"name":"wp","href":"https:\/\/api.w.org\/{rel}","templated":true}]}}