{"id":10941,"date":"2015-03-05T09:19:34","date_gmt":"2015-03-05T12:19:34","guid":{"rendered":"http:\/\/www.sincomam.org.br\/?p=10941"},"modified":"2015-03-05T09:23:19","modified_gmt":"2015-03-05T12:23:19","slug":"petrobras-e-braskem-celebraram-no-ultimo-dia-27-de-fevereiro-um-novo-aditivo-ao-contrato-de-fornecimento-de-nafta-petroquimica-prorrogando-o-em-mais-seis-meses-nesse-periodo-as-empresas-buscarao","status":"publish","type":"post","link":"https:\/\/www.sincomam.org.br\/index.php\/petrobras-e-braskem-celebraram-no-ultimo-dia-27-de-fevereiro-um-novo-aditivo-ao-contrato-de-fornecimento-de-nafta-petroquimica-prorrogando-o-em-mais-seis-meses-nesse-periodo-as-empresas-buscarao\/","title":{"rendered":"Petrobras e Braskem fecham acordo para fornecimento de nafta"},"content":{"rendered":"<p>Petrobras e Braskem celebraram, no \u00faltimo dia 27 de fevereiro, um novo aditivo ao contrato de fornecimento de nafta petroqu\u00edmica, prorrogando-o em mais seis meses. Nesse per\u00edodo, as empresas buscar\u00e3o acordo para um novo contrato de mais longo prazo.<\/p>\n<p>A negocia\u00e7\u00e3o para esse novo aditivo, mediada pelo Ministro Eduardo Braga, contemplou tamb\u00e9m a cria\u00e7\u00e3o de um Grupo de Trabalho que dever\u00e1 discutir os problemas que impactam o suprimento desse derivado.<\/p>\n<p>O objetivo do GT, que ser\u00e1 coordenado pelo MME e dever\u00e1 ser instalado no pr\u00f3ximo dia 12 de mar\u00e7o, \u00e9 buscar assegurar que, antes do t\u00e9rmino do prazo de vig\u00eancia do novo aditivo, as empresas alcancem as bases para estruturar o suprimento continuado de mat\u00e9ria-prima.<\/p>\n<p>A garantia do fornecimento em mais largo prazo, al\u00e9m de conferir o necess\u00e1rio equil\u00edbrio e seguran\u00e7a \u00e0 atua\u00e7\u00e3o das partes, poder\u00e1 contribuir para viabilizar novos investimentos que, atualmente, est\u00e3o sendo estudados.<\/p>\n<p>Fonte: MME<\/p>\n","protected":false},"excerpt":{"rendered":"<p>Petrobras e Braskem celebraram, no \u00faltimo dia 27 de fevereiro, um novo aditivo ao contrato de fornecimento de nafta petroqu\u00edmica, prorrogando-o em mais seis meses&#8230;.<\/p>\n","protected":false},"author":1182,"featured_media":10574,"comment_status":"closed","ping_status":"closed","sticky":false,"template":"","format":"standard","meta":{"footnotes":""},"categories":[6],"tags":[],"class_list":["post-10941","post","type-post","status-publish","format-standard","has-post-thumbnail","hentry","category-noticias"],"_links":{"self":[{"href":"https:\/\/www.sincomam.org.br\/index.php\/wp-json\/wp\/v2\/posts\/10941","targetHints":{"allow":["GET"]}}],"collection":[{"href":"https:\/\/www.sincomam.org.br\/index.php\/wp-json\/wp\/v2\/posts"}],"about":[{"href":"https:\/\/www.sincomam.org.br\/index.php\/wp-json\/wp\/v2\/types\/post"}],"author":[{"embeddable":true,"href":"https:\/\/www.sincomam.org.br\/index.php\/wp-json\/wp\/v2\/users\/1182"}],"replies":[{"embeddable":true,"href":"https:\/\/www.sincomam.org.br\/index.php\/wp-json\/wp\/v2\/comments?post=10941"}],"version-history":[{"count":3,"href":"https:\/\/www.sincomam.org.br\/index.php\/wp-json\/wp\/v2\/posts\/10941\/revisions"}],"predecessor-version":[{"id":10944,"href":"https:\/\/www.sincomam.org.br\/index.php\/wp-json\/wp\/v2\/posts\/10941\/revisions\/10944"}],"wp:featuredmedia":[{"embeddable":true,"href":"https:\/\/www.sincomam.org.br\/index.php\/wp-json\/wp\/v2\/media\/10574"}],"wp:attachment":[{"href":"https:\/\/www.sincomam.org.br\/index.php\/wp-json\/wp\/v2\/media?parent=10941"}],"wp:term":[{"taxonomy":"category","embeddable":true,"href":"https:\/\/www.sincomam.org.br\/index.php\/wp-json\/wp\/v2\/categories?post=10941"},{"taxonomy":"post_tag","embeddable":true,"href":"https:\/\/www.sincomam.org.br\/index.php\/wp-json\/wp\/v2\/tags?post=10941"}],"curies":[{"name":"wp","href":"https:\/\/api.w.org\/{rel}","templated":true}]}}