{"id":10937,"date":"2015-03-05T09:12:22","date_gmt":"2015-03-05T12:12:22","guid":{"rendered":"http:\/\/www.sincomam.org.br\/?p=10937"},"modified":"2015-03-05T09:12:22","modified_gmt":"2015-03-05T12:12:22","slug":"trabalhadores-do-comperj-aprovam-greve-por-reajuste-salarial-acima-da-inflacao","status":"publish","type":"post","link":"https:\/\/www.sincomam.org.br\/index.php\/trabalhadores-do-comperj-aprovam-greve-por-reajuste-salarial-acima-da-inflacao\/","title":{"rendered":"Trabalhadores do Comperj aprovam greve por reajuste salarial acima da infla\u00e7\u00e3o"},"content":{"rendered":"<p><strong><em>Decis\u00e3o foi tomada em assembleia realizada nesta manh\u00e3. Oper\u00e1rios reivindicam reposi\u00e7\u00e3o da infla\u00e7\u00e3o e ganho real de 2%<\/em><\/strong><\/p>\n<p>Os trabalhadores do Complexo Petroqu\u00edmico do Rio de Janeiro (Comperj) est\u00e3o em greve pelo menos at\u00e9 a pr\u00f3xima segunda-feira. A decis\u00e3o foi tomada na manh\u00e3 desta, em assembleia realizada na estrada de acesso \u00e0 obra da Petrobras. De acordo com o Sindicato dos Trabalhadores Empregados nas Empresas de Manuten\u00e7\u00e3o e Montagem Industrial do Munic\u00edpio de Itabora\u00ed (Sintramon), a categoria quer a reposi\u00e7\u00e3o da infla\u00e7\u00e3o do per\u00edodo, mais um ganho real de 2%, al\u00e9m de reajuste no vale alimenta\u00e7\u00e3o \u2014 hoje de R$ 410.<\/p>\n<p>A proposta patronal \u00e9 de 6% de reajuste, mesmo \u00edndice que seria aplicado sobre o aux\u00edlio para refei\u00e7\u00f5es. De acordo com o IBGE, em janeiro, a infla\u00e7\u00e3o acumulada nos \u00faltimos 12 meses j\u00e1 superava 7%. O aumento atingiria apenas os oper\u00e1rios que recebem at\u00e9 R$ 5 mil, incluindo os encarregados. J\u00e1 os oper\u00e1rios que ganham acima deste valor permanecem com o sal\u00e1rio atual. A assembleia reuniu cerca de 3 mil trabalhadores.<\/p>\n<p><strong>Sem sal\u00e1rios<\/strong><\/p>\n<p>A crise no Comperj se arrasta desde o semestre passado, quando come\u00e7aram as demiss\u00f5es no complexo. Pouco antes do feriado de carnaval, o Minist\u00e9rio P\u00fablico do Trabalho no Rio de Janeiro (MPT-RJ) ajuizou nova A\u00e7\u00e3o Civil P\u00fablica para garantir o pagamento dos sal\u00e1rios atrasados dos meses de janeiro em diante a 2,5 mil oper\u00e1rios. Apenas os sal\u00e1rios de janeiro atingem o montante bruto de R$ 7,8 milh\u00f5es.<\/p>\n<p>Na pr\u00f3xima segunda-feira, \u00e0s 10h, ser\u00e1 realizada audi\u00eancia na Vara Trabalhista de Itabora\u00ed entre a empresa respons\u00e1vel pelas contrata\u00e7\u00f5es, Alumini, a Petrobras e o sindicato dos trabalhadores para tentar resolver o impasse.<\/p>\n<p>Em outra a\u00e7\u00e3o, o MPT-RJ j\u00e1 havia requerido o pagamento dos atrasados de novembro e dezembro aos funcion\u00e1rios que ainda est\u00e3o na ativa, al\u00e9m do pagamento das verbas rescis\u00f3rias a quase 500 trabalhadores demitidos. Diante do pedido, a Justi\u00e7a Trabalhista condenou a Alumini a pagar R$ 14 milh\u00f5es para garantir o direito dos trabalhadores. O pagamento, no entanto, ainda depende da an\u00e1lise de recursos.<\/p>\n<p>O procurador do trabalho do munic\u00edpio de Niter\u00f3i Maur\u00edcio Guimar\u00e3es de Carvalho requer que a Petrobras seja declarada respons\u00e1vel subsidi\u00e1ria, ou seja, que arque com os pagamentos, caso a Alumini n\u00e3o cumpra com a decis\u00e3o judicial. Segundo o procurador, h\u00e1 sinais claros de que a empresa n\u00e3o possui condi\u00e7\u00e3o de pagar os sal\u00e1rios dos pr\u00f3ximos meses.<\/p>\n<p><strong>Terceirizada<\/strong><\/p>\n<p>Nesta segunda-feira, em audi\u00eancia mediada pelo MPT-RJ, a empresa Hal Engenharia, contratada pela Alumini para a presta\u00e7\u00e3o de servi\u00e7os no Comperj, se comprometeu a pagar verbas rescis\u00f3rias a 26 empregados dispensados. A d\u00edvida de R$ 180 mil ser\u00e1 paga em seis parcelas com vencimento at\u00e9 o 5\u00ba dia de cada m\u00eas. Nesse valor est\u00e1 inclu\u00eddo ainda o pagamento da segunda parcela do d\u00e9cimo terceiro a 14 empregados que n\u00e3o haviam recebido os valores. A empresa concordou tamb\u00e9m em pagar R$ 500 de indeniza\u00e7\u00e3o a cada um dos trabalhadores dispensados.<\/p>\n<p>Fonte: O Globo \/ D\u00e9bora Diniz<\/p>\n","protected":false},"excerpt":{"rendered":"<p>Decis\u00e3o foi tomada em assembleia realizada nesta manh\u00e3. Oper\u00e1rios reivindicam reposi\u00e7\u00e3o da infla\u00e7\u00e3o e ganho real de 2% Os trabalhadores do Complexo Petroqu\u00edmico do Rio&#8230;<\/p>\n","protected":false},"author":1182,"featured_media":3719,"comment_status":"closed","ping_status":"closed","sticky":false,"template":"","format":"standard","meta":{"footnotes":""},"categories":[6],"tags":[],"class_list":["post-10937","post","type-post","status-publish","format-standard","has-post-thumbnail","hentry","category-noticias"],"_links":{"self":[{"href":"https:\/\/www.sincomam.org.br\/index.php\/wp-json\/wp\/v2\/posts\/10937","targetHints":{"allow":["GET"]}}],"collection":[{"href":"https:\/\/www.sincomam.org.br\/index.php\/wp-json\/wp\/v2\/posts"}],"about":[{"href":"https:\/\/www.sincomam.org.br\/index.php\/wp-json\/wp\/v2\/types\/post"}],"author":[{"embeddable":true,"href":"https:\/\/www.sincomam.org.br\/index.php\/wp-json\/wp\/v2\/users\/1182"}],"replies":[{"embeddable":true,"href":"https:\/\/www.sincomam.org.br\/index.php\/wp-json\/wp\/v2\/comments?post=10937"}],"version-history":[{"count":1,"href":"https:\/\/www.sincomam.org.br\/index.php\/wp-json\/wp\/v2\/posts\/10937\/revisions"}],"predecessor-version":[{"id":10938,"href":"https:\/\/www.sincomam.org.br\/index.php\/wp-json\/wp\/v2\/posts\/10937\/revisions\/10938"}],"wp:featuredmedia":[{"embeddable":true,"href":"https:\/\/www.sincomam.org.br\/index.php\/wp-json\/wp\/v2\/media\/3719"}],"wp:attachment":[{"href":"https:\/\/www.sincomam.org.br\/index.php\/wp-json\/wp\/v2\/media?parent=10937"}],"wp:term":[{"taxonomy":"category","embeddable":true,"href":"https:\/\/www.sincomam.org.br\/index.php\/wp-json\/wp\/v2\/categories?post=10937"},{"taxonomy":"post_tag","embeddable":true,"href":"https:\/\/www.sincomam.org.br\/index.php\/wp-json\/wp\/v2\/tags?post=10937"}],"curies":[{"name":"wp","href":"https:\/\/api.w.org\/{rel}","templated":true}]}}