{"id":10923,"date":"2015-03-04T09:58:56","date_gmt":"2015-03-04T12:58:56","guid":{"rendered":"http:\/\/www.sincomam.org.br\/?p=10923"},"modified":"2015-03-04T09:58:56","modified_gmt":"2015-03-04T12:58:56","slug":"alem-de-belo-monte-executivos-da-camargo-correa-vao-falar-sobre-angra-3-em-delacao","status":"publish","type":"post","link":"https:\/\/www.sincomam.org.br\/index.php\/alem-de-belo-monte-executivos-da-camargo-correa-vao-falar-sobre-angra-3-em-delacao\/","title":{"rendered":"Al\u00e9m de Belo Monte, executivos da Camargo Corr\u00eaa v\u00e3o falar sobre Angra 3 em dela\u00e7\u00e3o"},"content":{"rendered":"<p><strong><em>Empres\u00e1rios devem come\u00e7ar a depor ao MPF at\u00e9 o final desta semana e n\u00e3o dar\u00e3o nomes de pol\u00edticos<\/em><\/strong><\/p>\n<p>Os executivos da Camargo Corr\u00eaa que fecharam acordo de dela\u00e7\u00e3o premiada com o Minist\u00e9rio P\u00fablico Federal (MPF) n\u00e3o v\u00e3o revelar nomes de pol\u00edticos envolvidos no esquema de corrup\u00e7\u00e3o da Petrobras, segundo fontes ligadas \u00e0 negocia\u00e7\u00e3o entre a empresa e os procuradores. No entanto, os empres\u00e1rios se comprometeram a detalhar como funcionou fraudes nos contratos de obras das usinas de Belo Monte e Angra 3.<\/p>\n<p>Dalton Avancini, presidente da construtora, deve argumentar que desconhece a participa\u00e7\u00e3o de pol\u00edticos na cobran\u00e7a de propinas das duas obras do setor de energia que concordou em delatar. J\u00e1 o vice-presidente da empresa, Eduardo Leite, fornecer\u00e1 nomes de pessoas que receberam o dinheiro. Os dois aguardam agenda da PF e devem come\u00e7ar a depor at\u00e9 o fim de semana.<\/p>\n<p>Somadas, as obras de Belo Monte e Angra 3, ambas entre as dez maiores da segunda fase do Programa de Acelera\u00e7\u00e3o do Crescimento (PAC) 2, representam investimentos superiores a R$ 35 bilh\u00f5es.<\/p>\n<p>Em rela\u00e7\u00e3o \u00e0 Petrobras, o MPF espera que o depoimento de Eduardo Leite torne mais robustas as provas de desvio de recursos da estatal e ajude a montar o quebra cabe\u00e7a em torno sobre quando efetivamente come\u00e7ou a cobran\u00e7a il\u00edcita pelas diretorias da estatal.<\/p>\n<p>Leite dever\u00e1 revelar que antes de 2003, quando teria come\u00e7ado o esquema de cartel na Petrobras, j\u00e1 haveria uma esp\u00e9cie de &#8220;conta corrente&#8221; de pagamentos feitos pelas empresas a diretores da Petrobras. Muitos dos recursos que apareceram na Lava-Jato, segundo deve delatar o executivo da empreiteira, s\u00e3o apontados como &#8220;d\u00edvidas antigas&#8221; das empreiteiras com o propinoduto da estatal.<\/p>\n<p>J\u00e1 o acordo de dela\u00e7\u00e3o premiada com o presidente do conselho de administra\u00e7\u00e3o da Camargo Corr\u00eaa, Joao Ricardo Auler, foi rejeitado pelo Minist\u00e9rio P\u00f9blico Federal, que n\u00e3o ficou convencido de que o executivo contaria tudo o que sabe \u00e0 for\u00e7a-tarefa. Auler \u00e9 o \u00fanico dos tr\u00eas com acesso a reuni\u00f5es da holding do grupo.<\/p>\n<p>Al\u00e9m disso, o acordo de leni\u00eancia com a construtora n\u00e3o foi assinado por diverg\u00eancia no valor da multa.<\/p>\n<p>Em dezembro passado, quando a negocia\u00e7\u00e3o come\u00e7ou, o MPF pedia que a empresa pagasse multa de R$ 4 bilh\u00f5es e a empresa oferecia apenas R$ 200 milh\u00f5es. A dificuldade de se chegar a uma quantia aceita pelas partes azedou as conversas. Em meados de fevereiro, quando as negocia\u00e7\u00f5es cessaram, o MPF exigia o pagamento de R$ 1,5 bilh\u00e3o e a empresa aceitava pagar no m\u00e1ximo R$ 450 milh\u00f5es. Sem o acordo de leni\u00eancia da empresa, os executivos s\u00f3 poder\u00e3o delatar fatos pass\u00edveis de serem comprovados, sem a entrega autom\u00e1tica de documentos por parte da Camargo Corr\u00eaa, que se colocou \u00e0 disposi\u00e7\u00e3o para ajudar mas n\u00e3o tem compromisso assinado para faz\u00ea-lo.<\/p>\n<p>Eduardo Leite deve revelar ainda nos depoimentos de dela\u00e7\u00e3o para quem ele entregava o dinheiro em especie retirado no escrit\u00f3rio do doleiro Alberto Youssef. O executivo vai negar que ficava com uma parte da propina e ter\u00e1 de nominar a quem se destinava o dinheiro.<\/p>\n<p>Pelo acordo, os dois s\u00f3 devem deixar a carceragem da Pol\u00edcia Federal em Curitiba depois de prestarem os depoimentos e terem o acordo homologado pelo juiz S\u00e9rgio Moro, da 13\u00aa Vara Federal em Curitiba, que centraliza os processos gerados pela Opera\u00e7\u00e3o Lava-Jato. Ambos ficar\u00e3o em pris\u00e3o domiciliar e pagar\u00e3o multas &#8211; Avancini de R$ 2,5 milh\u00f5es e Leite de R$ 5 milh\u00f5es.<\/p>\n<p>Fonte: O Globo \/ Cleide Carvalho, enviada especial<\/p>\n","protected":false},"excerpt":{"rendered":"<p>Empres\u00e1rios devem come\u00e7ar a depor ao MPF at\u00e9 o final desta semana e n\u00e3o dar\u00e3o nomes de pol\u00edticos Os executivos da Camargo Corr\u00eaa que fecharam&#8230;<\/p>\n","protected":false},"author":1182,"featured_media":10924,"comment_status":"closed","ping_status":"closed","sticky":false,"template":"","format":"standard","meta":{"footnotes":""},"categories":[6],"tags":[],"class_list":["post-10923","post","type-post","status-publish","format-standard","has-post-thumbnail","hentry","category-noticias"],"_links":{"self":[{"href":"https:\/\/www.sincomam.org.br\/index.php\/wp-json\/wp\/v2\/posts\/10923","targetHints":{"allow":["GET"]}}],"collection":[{"href":"https:\/\/www.sincomam.org.br\/index.php\/wp-json\/wp\/v2\/posts"}],"about":[{"href":"https:\/\/www.sincomam.org.br\/index.php\/wp-json\/wp\/v2\/types\/post"}],"author":[{"embeddable":true,"href":"https:\/\/www.sincomam.org.br\/index.php\/wp-json\/wp\/v2\/users\/1182"}],"replies":[{"embeddable":true,"href":"https:\/\/www.sincomam.org.br\/index.php\/wp-json\/wp\/v2\/comments?post=10923"}],"version-history":[{"count":1,"href":"https:\/\/www.sincomam.org.br\/index.php\/wp-json\/wp\/v2\/posts\/10923\/revisions"}],"predecessor-version":[{"id":10925,"href":"https:\/\/www.sincomam.org.br\/index.php\/wp-json\/wp\/v2\/posts\/10923\/revisions\/10925"}],"wp:featuredmedia":[{"embeddable":true,"href":"https:\/\/www.sincomam.org.br\/index.php\/wp-json\/wp\/v2\/media\/10924"}],"wp:attachment":[{"href":"https:\/\/www.sincomam.org.br\/index.php\/wp-json\/wp\/v2\/media?parent=10923"}],"wp:term":[{"taxonomy":"category","embeddable":true,"href":"https:\/\/www.sincomam.org.br\/index.php\/wp-json\/wp\/v2\/categories?post=10923"},{"taxonomy":"post_tag","embeddable":true,"href":"https:\/\/www.sincomam.org.br\/index.php\/wp-json\/wp\/v2\/tags?post=10923"}],"curies":[{"name":"wp","href":"https:\/\/api.w.org\/{rel}","templated":true}]}}