{"id":10917,"date":"2015-03-04T09:46:38","date_gmt":"2015-03-04T12:46:38","guid":{"rendered":"http:\/\/www.sincomam.org.br\/?p=10917"},"modified":"2015-03-04T10:12:52","modified_gmt":"2015-03-04T13:12:52","slug":"brasil-adia-oferta-de-blocos-exploratorios-de-petroleo-para-2o-semestre","status":"publish","type":"post","link":"https:\/\/www.sincomam.org.br\/index.php\/brasil-adia-oferta-de-blocos-exploratorios-de-petroleo-para-2o-semestre\/","title":{"rendered":"Brasil adia oferta de blocos explorat\u00f3rios de petr\u00f3leo para 2\u00ba semestre"},"content":{"rendered":"<p>O governo adiou o pr\u00f3ximo leil\u00e3o de blocos explorat\u00f3rios de petr\u00f3leo e g\u00e1s, sob regime de concess\u00e3o, para o segundo semestre deste ano, de acordo com informa\u00e7\u00e3o do ministro de Minas e Energia, Eduardo Braga.<\/p>\n<p>O governo havia prometido ao mercado que a 13\u00aa rodada de licita\u00e7\u00f5es seria realizada no primeiro semestre de 2015.<\/p>\n<p>&#8220;Creio que a gente pode, ao longo de mar\u00e7o, ter uma defini\u00e7\u00e3o das \u00e1reas que ser\u00e3o colocadas \u00e0 disposi\u00e7\u00e3o para estudo, para que possamos fazer no segundo semestre o leil\u00e3o&#8221;, declarou Braga, a jornalistas.<\/p>\n<p>Assim que o governo definir quais blocos ser\u00e3o ofertados, a Ag\u00eancia Nacional do Petr\u00f3leo, G\u00e1s Natural e Biocombust\u00edveis (ANP) precisar\u00e1 de ao menos quatro meses para realizar a rodada.<\/p>\n<p>No m\u00eas passado, o MME afirmou \u00e0 Reuters que estava estudando a receptividade do mercado para decidir se manteria a promessa de realizar o leil\u00e3o no primeiro semestre.<\/p>\n<p>A forte queda do pre\u00e7o do barril de petr\u00f3leo nos \u00faltimos meses e o impacto disso sobre a capacidade de investimento das petroleiras levou a ANP a recomendar ao governo que a licita\u00e7\u00e3o ocorresse apenas entre o fim deste ano e o in\u00edcio do pr\u00f3ximo ano, segundo uma fonte afirmou \u00e0 Reuters.<\/p>\n<p>Um leil\u00e3o agora, num momento de baixa nas cota\u00e7\u00f5es da commodity, poderia n\u00e3o atrair tantos interessados, explicou a fonte, em reportagem publicada na semana passada. Al\u00e9m disso, a Petrobras j\u00e1 avisara que seria seletiva em novos leil\u00f5es de blocos, que s\u00f3 entraria se fosse ofertado algo muito interessante.<\/p>\n<p>Com restri\u00e7\u00f5es para realizar capta\u00e7\u00f5es no mercado internacional, em meio \u00e0s investiga\u00e7\u00f5es da Opera\u00e7\u00e3o Lava Jato sobre um esquema de corrup\u00e7\u00e3o, a estatal est\u00e1 preservando seus recursos para investimentos priorit\u00e1rios e j\u00e1 tem grandes \u00e1reas de explora\u00e7\u00e3o para serem desenvolvidas. Na v\u00e9spera, a Petrobras anunciou um plano de desinvestimento.<\/p>\n<p>&#8220;A gente espera que a Petrobras participe, mas n\u00e3o \u00e9 um leil\u00e3o voltado para atender obrigatoriamente, como era no pr\u00e9-sal&#8221;, disse o ministro, nesta ter\u00e7a-feira.<\/p>\n<p>O pr\u00f3ximo leil\u00e3o ir\u00e1 ofertar \u00e1reas em mar e em terra, sob regime de concess\u00e3o. Ainda n\u00e3o h\u00e1 previs\u00e3o para a realiza\u00e7\u00e3o de um segundo leil\u00e3o do pr\u00e9-sal, sob regime de partilha.<\/p>\n<p>No regime de partilha, de acordo com as leis atuais, a Petrobras \u00e9 obrigada a ser operadora e ter pelo menos 30 por cento de participa\u00e7\u00e3o no ativo.<\/p>\n<p>Fonte: Reuters\/Leonardo Goy<\/p>\n","protected":false},"excerpt":{"rendered":"<p>O governo adiou o pr\u00f3ximo leil\u00e3o de blocos explorat\u00f3rios de petr\u00f3leo e g\u00e1s, sob regime de concess\u00e3o, para o segundo semestre deste ano, de acordo&#8230;<\/p>\n","protected":false},"author":1182,"featured_media":0,"comment_status":"closed","ping_status":"closed","sticky":false,"template":"","format":"standard","meta":{"footnotes":""},"categories":[6],"tags":[],"class_list":["post-10917","post","type-post","status-publish","format-standard","hentry","category-noticias"],"_links":{"self":[{"href":"https:\/\/www.sincomam.org.br\/index.php\/wp-json\/wp\/v2\/posts\/10917","targetHints":{"allow":["GET"]}}],"collection":[{"href":"https:\/\/www.sincomam.org.br\/index.php\/wp-json\/wp\/v2\/posts"}],"about":[{"href":"https:\/\/www.sincomam.org.br\/index.php\/wp-json\/wp\/v2\/types\/post"}],"author":[{"embeddable":true,"href":"https:\/\/www.sincomam.org.br\/index.php\/wp-json\/wp\/v2\/users\/1182"}],"replies":[{"embeddable":true,"href":"https:\/\/www.sincomam.org.br\/index.php\/wp-json\/wp\/v2\/comments?post=10917"}],"version-history":[{"count":1,"href":"https:\/\/www.sincomam.org.br\/index.php\/wp-json\/wp\/v2\/posts\/10917\/revisions"}],"predecessor-version":[{"id":10918,"href":"https:\/\/www.sincomam.org.br\/index.php\/wp-json\/wp\/v2\/posts\/10917\/revisions\/10918"}],"wp:attachment":[{"href":"https:\/\/www.sincomam.org.br\/index.php\/wp-json\/wp\/v2\/media?parent=10917"}],"wp:term":[{"taxonomy":"category","embeddable":true,"href":"https:\/\/www.sincomam.org.br\/index.php\/wp-json\/wp\/v2\/categories?post=10917"},{"taxonomy":"post_tag","embeddable":true,"href":"https:\/\/www.sincomam.org.br\/index.php\/wp-json\/wp\/v2\/tags?post=10917"}],"curies":[{"name":"wp","href":"https:\/\/api.w.org\/{rel}","templated":true}]}}