{"id":10915,"date":"2015-03-04T09:43:59","date_gmt":"2015-03-04T12:43:59","guid":{"rendered":"http:\/\/www.sincomam.org.br\/?p=10915"},"modified":"2015-03-04T09:43:59","modified_gmt":"2015-03-04T12:43:59","slug":"metalurgicos-fazem-hoje-ato-em-defesa-do-emprego-no-setor-naval","status":"publish","type":"post","link":"https:\/\/www.sincomam.org.br\/index.php\/metalurgicos-fazem-hoje-ato-em-defesa-do-emprego-no-setor-naval\/","title":{"rendered":"Metal\u00fargicos fazem hoje ato em defesa do emprego no setor naval"},"content":{"rendered":"<p>Metal\u00fargicos da ind\u00fastria naval far\u00e3o hoje uma manifesta\u00e7\u00e3o em defesa dos empregos do setor, da Petrobras e da Transpetro. Segundo a Federa\u00e7\u00e3o \u00danica dos Petroleiros (FUP), o ato ser\u00e1 realizado em todas as localidades onde houver um escrit\u00f3rio da Petrobras.<\/p>\n<p>De acordo com a entidade, a necessidade do movimento nasceu devido \u00e0s demiss\u00f5es e a \u201ctentativa de acabar com o setor naval por conta dos desdobramentos da Opera\u00e7\u00e3o Lava-Jato desencadeada pela Pol\u00edcia Federal\u201d.<\/p>\n<p>No Rio de Janeiro, a expectativa da FUP \u00e9 que o ato re\u00fana cerca de 10 mil trabalhadores, que se deslocar\u00e3o de diversas localidades, como Niter\u00f3i e Angra dos Reis, at\u00e9 o edif\u00edcio-sede da Petrobras (Edise), no centro do Rio de Janeiro. A previs\u00e3o \u00e9 que o encontro no Edise ocorra \u00e0s 11h.<\/p>\n<p>Fonte: Valor Econ\u00f4mico\/Rodrigo Polito<br \/>Foto: ilustrativa<\/p>\n","protected":false},"excerpt":{"rendered":"<p>Metal\u00fargicos da ind\u00fastria naval far\u00e3o hoje uma manifesta\u00e7\u00e3o em defesa dos empregos do setor, da Petrobras e da Transpetro. Segundo a Federa\u00e7\u00e3o \u00danica dos Petroleiros&#8230;<\/p>\n","protected":false},"author":1182,"featured_media":10765,"comment_status":"closed","ping_status":"closed","sticky":false,"template":"","format":"standard","meta":{"footnotes":""},"categories":[6],"tags":[972,156,68,245,67,58,105],"class_list":["post-10915","post","type-post","status-publish","format-standard","has-post-thumbnail","hentry","category-noticias","tag-defesa","tag-empregos","tag-industria","tag-manifestacao","tag-naval","tag-petrobras","tag-transpetro"],"_links":{"self":[{"href":"https:\/\/www.sincomam.org.br\/index.php\/wp-json\/wp\/v2\/posts\/10915","targetHints":{"allow":["GET"]}}],"collection":[{"href":"https:\/\/www.sincomam.org.br\/index.php\/wp-json\/wp\/v2\/posts"}],"about":[{"href":"https:\/\/www.sincomam.org.br\/index.php\/wp-json\/wp\/v2\/types\/post"}],"author":[{"embeddable":true,"href":"https:\/\/www.sincomam.org.br\/index.php\/wp-json\/wp\/v2\/users\/1182"}],"replies":[{"embeddable":true,"href":"https:\/\/www.sincomam.org.br\/index.php\/wp-json\/wp\/v2\/comments?post=10915"}],"version-history":[{"count":1,"href":"https:\/\/www.sincomam.org.br\/index.php\/wp-json\/wp\/v2\/posts\/10915\/revisions"}],"predecessor-version":[{"id":10916,"href":"https:\/\/www.sincomam.org.br\/index.php\/wp-json\/wp\/v2\/posts\/10915\/revisions\/10916"}],"wp:featuredmedia":[{"embeddable":true,"href":"https:\/\/www.sincomam.org.br\/index.php\/wp-json\/wp\/v2\/media\/10765"}],"wp:attachment":[{"href":"https:\/\/www.sincomam.org.br\/index.php\/wp-json\/wp\/v2\/media?parent=10915"}],"wp:term":[{"taxonomy":"category","embeddable":true,"href":"https:\/\/www.sincomam.org.br\/index.php\/wp-json\/wp\/v2\/categories?post=10915"},{"taxonomy":"post_tag","embeddable":true,"href":"https:\/\/www.sincomam.org.br\/index.php\/wp-json\/wp\/v2\/tags?post=10915"}],"curies":[{"name":"wp","href":"https:\/\/api.w.org\/{rel}","templated":true}]}}