{"id":10911,"date":"2015-03-03T09:59:57","date_gmt":"2015-03-03T12:59:57","guid":{"rendered":"http:\/\/www.sincomam.org.br\/?p=10911"},"modified":"2015-03-03T09:59:57","modified_gmt":"2015-03-03T12:59:57","slug":"centrais-sindicais-fazem-protestos-contra-mps-que-alteram-beneficios","status":"publish","type":"post","link":"https:\/\/www.sincomam.org.br\/index.php\/centrais-sindicais-fazem-protestos-contra-mps-que-alteram-beneficios\/","title":{"rendered":"Centrais sindicais fazem protestos contra MPs que alteram benef\u00edcios"},"content":{"rendered":"<p>Centrais sindicais fizeram protestos ontem (2) em 13 capitais contra as mudan\u00e7as que entraram em vigor, estabelecidas pelas medidas provis\u00f3rias (MPs) 664 e 665. Os textos mudam as regras para que os trabalhadores tenham acesso a benef\u00edcios como o abono salarial, seguro-desemprego, aux\u00edlio doen\u00e7a e a pens\u00e3o por morte.<\/p>\n<p>Em S\u00e3o Paulo, a manifesta\u00e7\u00e3o ocorreu no centro da cidade, em frente \u00e0 sede da Superintend\u00eancia Regional do Trabalho. Na parte da manh\u00e3, os manifestantes ocuparam duas pistas entre a Rua \u00c1lvaro de Carvalho e a esquina da Rua Major Quedinho.<\/p>\n<p>Com bandeiras, bal\u00f5es e discursos, os sindicalistas demonstraram o descontentamento dos trabalhadores com as medidas. Uma das reivindica\u00e7\u00f5es \u00e9 com rela\u00e7\u00e3o aos preju\u00edzos para quem trabalha em setores com alta rotatividade, como o com\u00e9rcio e a constru\u00e7\u00e3o civil. Para o secret\u00e1rio-geral da Central \u00danica dos Trabalhadores (CUT), S\u00e9rgio Nobre, muitos dos trabalhadores podem n\u00e3o conseguir atingir o tempo m\u00ednimo para ter direito a benef\u00edcios como o seguro-desemprego, pois a car\u00eancia ser\u00e1 ampliada.<\/p>\n<p>\u201cO dinheiro obtido com o seguro-desemprego e o abono salarial vai para a compra de comida, do arroz, do feij\u00e3o [e outras necessidades b\u00e1sicas] e n\u00e3o para a compra de a\u00e7\u00f5es ou t\u00edtulos do mercado financeiro\u201d, disse Nobre. Segundo ele, esta semana representantes da CUT e de outras centrais pretendem dialogar com parlamentares para que as MPs sejam derrubadas no Congresso Nacional.<\/p>\n<p>Os sindicalistas foram \u00e0s ruas tamb\u00e9m no Par\u00e1. \u201cQueremos garantir a democracia [e lutar] contra o rebaixamento de direitos\u201d, disse o presidente da CUT no estado, Martinho Souza, durante as manifesta\u00e7\u00f5es em Bel\u00e9m. O ato tamb\u00e9m ocorreu em frente \u00e0 Superintend\u00eancia Regional do Trabalho. Al\u00e9m de se manifestar contra as medidas, os trabalhadores pediram melhorias nas condi\u00e7\u00f5es das delegacias do Trabalho.<\/p>\n<p>Em Rio Branco, a manifesta\u00e7\u00e3o marcada para hoje foi prejudicada pela enchente do Rio Acre. O volume das \u00e1guas bateram o recorde hist\u00f3rico de 1997 e a prefeitura da capital chegou a decretar estado de calamidade. Ainda assim, pela manh\u00e3 alguns manifestantes se reuniram na Delegacia Regional do Trabalho.<\/p>\n<p>Na capital alagoana, o protesto durou tr\u00eas horas e cerca de 150 representantes da For\u00e7a Sindical entraram no setor de Agendamento do Seguro-Desemprego. \u201cA concentra\u00e7\u00e3o foi pac\u00edfica, inclusive com orienta\u00e7\u00f5es aos trabalhadores que davam entrada no pedido de seguro-desemprego. Fomos aplaudidos pelos trabalhadores e tivemos o apoio de todos. A maioria n\u00e3o entende o que o governo est\u00e1 fazendo\u201d, disse o presidente da For\u00e7a Sindical de Alagoas, Albegemar Cassimiro Costa.<\/p>\n<p>Em Salvador, segundo a presidenta da For\u00e7a Sindical da Bahia, Nair Goulart, a manifesta\u00e7\u00e3o durou uma hora e meia e teve a participa\u00e7\u00e3o de diferentes centrais sindicais. Os protestos tamb\u00e9m ocorreram na capital sergipana. \u201cA popula\u00e7\u00e3o est\u00e1 revoltad\u00edssima com as medidas. Para nosso espanto, 90% das pessoas sabiam das medidas e entendiam o impacto em sua vida\u201d, disse o presidente da For\u00e7a Sindical de Sergipe, Wiliam Roberto Cardoso Arditt.<\/p>\n<p>Em Goi\u00e2nia, os manifestantes pediram a revoga\u00e7\u00e3o das MPs. Eles fizeram um caf\u00e9 da manh\u00e3 e distribu\u00edram panfletos em frente \u00e0 Superintend\u00eancia Regional do Minist\u00e9rio do Trabalho e Emprego. Os esclarecimentos \u00e0 popula\u00e7\u00e3o tamb\u00e9m foram o foco das manifesta\u00e7\u00f5es ocorridas em Vit\u00f3ria, no Esp\u00edrito Santo. Os sindicalistas distribu\u00edram panfletos e ergueram faixas. \u201cPrecisamos esclarecer os trabalhadores sobre o que est\u00e1 ocorrendo, dos direitos que estamos perdendo\u201d, declarou o presidente estadual da For\u00e7a Sindical, Alexandre Costa.<\/p>\n<p>Na \u00faltima quarta-feira (25), representantes das centrais e do governo fizeram a terceira reuni\u00e3o sobre as MPs, em busca de uma solu\u00e7\u00e3o. No caso do abono salarial e do seguro-desemprego, as medidas provis\u00f3rias estendem a car\u00eancia para que os trabalhadores tenham direito ao benef\u00edcio. No caso do aux\u00edlio-doen\u00e7a, o prazo estabelecido para que as empresas assumam o pagamento do sal\u00e1rio (antes do INSS) passa de 15 para 30 dias.<\/p>\n<p>Fonte: Ag\u00eancia Brasil<\/p>\n","protected":false},"excerpt":{"rendered":"<p>Centrais sindicais fizeram protestos ontem (2) em 13 capitais contra as mudan\u00e7as que entraram em vigor, estabelecidas pelas medidas provis\u00f3rias (MPs) 664 e 665. Os&#8230;<\/p>\n","protected":false},"author":1182,"featured_media":10765,"comment_status":"closed","ping_status":"closed","sticky":false,"template":"","format":"standard","meta":{"footnotes":""},"categories":[6],"tags":[],"class_list":["post-10911","post","type-post","status-publish","format-standard","has-post-thumbnail","hentry","category-noticias"],"_links":{"self":[{"href":"https:\/\/www.sincomam.org.br\/index.php\/wp-json\/wp\/v2\/posts\/10911","targetHints":{"allow":["GET"]}}],"collection":[{"href":"https:\/\/www.sincomam.org.br\/index.php\/wp-json\/wp\/v2\/posts"}],"about":[{"href":"https:\/\/www.sincomam.org.br\/index.php\/wp-json\/wp\/v2\/types\/post"}],"author":[{"embeddable":true,"href":"https:\/\/www.sincomam.org.br\/index.php\/wp-json\/wp\/v2\/users\/1182"}],"replies":[{"embeddable":true,"href":"https:\/\/www.sincomam.org.br\/index.php\/wp-json\/wp\/v2\/comments?post=10911"}],"version-history":[{"count":1,"href":"https:\/\/www.sincomam.org.br\/index.php\/wp-json\/wp\/v2\/posts\/10911\/revisions"}],"predecessor-version":[{"id":10912,"href":"https:\/\/www.sincomam.org.br\/index.php\/wp-json\/wp\/v2\/posts\/10911\/revisions\/10912"}],"wp:featuredmedia":[{"embeddable":true,"href":"https:\/\/www.sincomam.org.br\/index.php\/wp-json\/wp\/v2\/media\/10765"}],"wp:attachment":[{"href":"https:\/\/www.sincomam.org.br\/index.php\/wp-json\/wp\/v2\/media?parent=10911"}],"wp:term":[{"taxonomy":"category","embeddable":true,"href":"https:\/\/www.sincomam.org.br\/index.php\/wp-json\/wp\/v2\/categories?post=10911"},{"taxonomy":"post_tag","embeddable":true,"href":"https:\/\/www.sincomam.org.br\/index.php\/wp-json\/wp\/v2\/tags?post=10911"}],"curies":[{"name":"wp","href":"https:\/\/api.w.org\/{rel}","templated":true}]}}