{"id":10904,"date":"2015-03-03T09:44:11","date_gmt":"2015-03-03T12:44:11","guid":{"rendered":"http:\/\/www.sincomam.org.br\/?p=10904"},"modified":"2015-03-03T09:48:38","modified_gmt":"2015-03-03T12:48:38","slug":"sep-assina-ordem-de-servico-para-dragagem-do-porto-do-rio-orcada-em-r-210-milhoes-a-obra-sera-realizada-pelo-consorcio-formado-pelas-empresas-van-oord-e-boskalis","status":"publish","type":"post","link":"https:\/\/www.sincomam.org.br\/index.php\/sep-assina-ordem-de-servico-para-dragagem-do-porto-do-rio-orcada-em-r-210-milhoes-a-obra-sera-realizada-pelo-consorcio-formado-pelas-empresas-van-oord-e-boskalis\/","title":{"rendered":"SEP assina ordem de servi\u00e7o para dragagem do Porto do Rio Or\u00e7ada em R$ 210 milh\u00f5es"},"content":{"rendered":"<p><strong><em>Or\u00e7ada em R$ 210 milh\u00f5es a obra ser\u00e1 realizada pelo cons\u00f3rcio formado pelas empresas Van Oord e Boskalis<\/p>\n<p><\/em><\/strong>O ministro-chefe da SEP (Secretaria Especial de Portos), Edinho Ara\u00fajo, assinou a primeira Ordem de Servi\u00e7o do primeiro contrato assinado no \u00e2mbito da segunda etapa do PND II (Plano Nacional de Dragagem). Or\u00e7ada em R$ 210 milh\u00f5es a obra de dragagem ser\u00e1 realizada no Porto do Rio de Janeiro pelo cons\u00f3rcio formado pelas empresas Van Oord e Boskalis.<strong><em><br \/><\/em><\/strong><\/p>\n<p>Licitada pelo RDC (Regime Diferenciado de Contrata\u00e7\u00e3o), a obra tem prazo de cinco meses para a conclus\u00e3o dos projetos b\u00e1sico e executivo, e de nove meses para a conclus\u00e3o das obras de dragagem e prazo contratual de 20 meses.<\/p>\n<p>A bacia de evolu\u00e7\u00e3o, ser\u00e1 ampliada em formato el\u00edptico passando a medir 963 metros por 600 metros. A largura do canal de acesso passar\u00e1 dos atuais 120 metros para uma largura m\u00e1xima de 264 metros. A obra permitir\u00e1 que o porto receba navios de 345 metros de comprimento, 48 metros de boca e 13,5 metros de calado, embarca\u00e7\u00f5es porta-cont\u00eaineres e navios graneleiros.<\/p>\n<p>Fonte: Guia Mar\u00edtimo<\/p>\n","protected":false},"excerpt":{"rendered":"<p>Or\u00e7ada em R$ 210 milh\u00f5es a obra ser\u00e1 realizada pelo cons\u00f3rcio formado pelas empresas Van Oord e Boskalis O ministro-chefe da SEP (Secretaria Especial de&#8230;<\/p>\n","protected":false},"author":1182,"featured_media":7007,"comment_status":"closed","ping_status":"closed","sticky":false,"template":"","format":"standard","meta":{"footnotes":""},"categories":[6],"tags":[],"class_list":["post-10904","post","type-post","status-publish","format-standard","has-post-thumbnail","hentry","category-noticias"],"_links":{"self":[{"href":"https:\/\/www.sincomam.org.br\/index.php\/wp-json\/wp\/v2\/posts\/10904","targetHints":{"allow":["GET"]}}],"collection":[{"href":"https:\/\/www.sincomam.org.br\/index.php\/wp-json\/wp\/v2\/posts"}],"about":[{"href":"https:\/\/www.sincomam.org.br\/index.php\/wp-json\/wp\/v2\/types\/post"}],"author":[{"embeddable":true,"href":"https:\/\/www.sincomam.org.br\/index.php\/wp-json\/wp\/v2\/users\/1182"}],"replies":[{"embeddable":true,"href":"https:\/\/www.sincomam.org.br\/index.php\/wp-json\/wp\/v2\/comments?post=10904"}],"version-history":[{"count":2,"href":"https:\/\/www.sincomam.org.br\/index.php\/wp-json\/wp\/v2\/posts\/10904\/revisions"}],"predecessor-version":[{"id":10907,"href":"https:\/\/www.sincomam.org.br\/index.php\/wp-json\/wp\/v2\/posts\/10904\/revisions\/10907"}],"wp:featuredmedia":[{"embeddable":true,"href":"https:\/\/www.sincomam.org.br\/index.php\/wp-json\/wp\/v2\/media\/7007"}],"wp:attachment":[{"href":"https:\/\/www.sincomam.org.br\/index.php\/wp-json\/wp\/v2\/media?parent=10904"}],"wp:term":[{"taxonomy":"category","embeddable":true,"href":"https:\/\/www.sincomam.org.br\/index.php\/wp-json\/wp\/v2\/categories?post=10904"},{"taxonomy":"post_tag","embeddable":true,"href":"https:\/\/www.sincomam.org.br\/index.php\/wp-json\/wp\/v2\/tags?post=10904"}],"curies":[{"name":"wp","href":"https:\/\/api.w.org\/{rel}","templated":true}]}}