{"id":10893,"date":"2015-03-03T08:58:04","date_gmt":"2015-03-03T11:58:04","guid":{"rendered":"http:\/\/www.sincomam.org.br\/?p=10893"},"modified":"2015-03-03T08:58:04","modified_gmt":"2015-03-03T11:58:04","slug":"petrobras-vendera-us-137-bilhoes-em-ativos-ate-2016","status":"publish","type":"post","link":"https:\/\/www.sincomam.org.br\/index.php\/petrobras-vendera-us-137-bilhoes-em-ativos-ate-2016\/","title":{"rendered":"Petrobras vender\u00e1 US$ 13,7 bilh\u00f5es em ativos at\u00e9 2016"},"content":{"rendered":"<p><strong><em>Objetivo \u00e9 reduzir o n\u00edvel de endividamento da companhia<\/em><\/strong><\/p>\n<p>Ap\u00f3s perder o grau de investimento pela Moody\u2019s e sem poder recorrer ao mercado para fazer novas capta\u00e7\u00f5es por n\u00e3o ter publicado seu balan\u00e7o auditado, a Petrobras decidiu vender US$ 13,7 bilh\u00f5es (cerca de R$ 39,5 bilh\u00f5es) em ativos neste ano e em 2016. Esse valor \u00e9 bem superior aos US$ 3 bilh\u00f5es que a gest\u00e3o anterior, comandada por Maria das Gra\u00e7as Foster, previa desinvestir at\u00e9 o fim de 2015.<\/p>\n<p>Em comunicado \u00e0 Comiss\u00e3o de Valores Mobili\u00e1rios (CVM), a estatal, presidida por Aldemir Bendine desde o in\u00edcio de fevereiro, informou que 40% desse valor s\u00e3o da \u00e1rea de G\u00e1s e Energia. Em seguida, v\u00eam os segmentos de Explora\u00e7\u00e3o e Produ\u00e7\u00e3o no Brasil e no exterior, com 30%, e Abastecimento, tamb\u00e9m com 30%.<\/p>\n<p>A estatal informou que o objetivo \u00e9 preservar seu caixa e reduzir seu endividamento l\u00edquido, hoje em R$ 261,4 bilh\u00f5es. Segundo fontes do setor, a Petrobras pretende vender campos de petr\u00f3leo no p\u00f3s-sal da Bacia de Campos, \u00e1reas maduras com produ\u00e7\u00e3o em terra, participa\u00e7\u00f5es em blocos no exterior e algumas plataformas de petr\u00f3leo. Na lista, destacou uma fonte, est\u00e1 ainda a venda de parte das atividades na Argentina, onde a estatal tem diversos ativos, como campos de petr\u00f3leo e postos de gasolina. A empresa, disse outra fonte, ainda pretende se desfazer da refinaria de Okinawa, no Jap\u00e3o, e de pequenas centrais hidrel\u00e9tricas.<\/p>\n<p>\u2014 A Petrobras est\u00e1 sem seu grau de investimento e em uma situa\u00e7\u00e3o delicada neste momento. A companhia precisa fazer caixa urgente. O valor de desinvestimento \u00e9 expressivo, mas \u00e9 necess\u00e1rio vender, mesmo que a pre\u00e7os mais baixos por conta do pre\u00e7o do petr\u00f3leo. \u00c9 uma decis\u00e3o dura, mas que precisa ser feita. Mas \u00e9 importante saber quais ativos a companhia vai vender. Antes, a empresa falava que o pr\u00e9-sal era invend\u00e1vel, como vai ficar isso agora \u2014 disse Pedro Galdi, analista de investimento da Independent Research.<\/p>\n<p>Em nota, a Petrobras informou que o plano de venda de ativos tem como objetivos principais a redu\u00e7\u00e3o de seu endividamento e preserva\u00e7\u00e3o do seu caixa para concentrar investimentos em projetos priorit\u00e1rios, de retorno maior e mais r\u00e1pido, \u201cnotadamente de produ\u00e7\u00e3o de \u00f3leo e g\u00e1s no Brasil em \u00e1reas de elevada produtividade\u201d. Segundo fontes t\u00e9cnicas, os projetos que receber\u00e3o prioridade m\u00e1xima s\u00e3o os de desenvolvimento da produ\u00e7\u00e3o nos campos do pr\u00e9-sal.<\/p>\n<p>\u2014 A empresa vai ter dificuldade para vender seus ativos no momento atual, pois atravessa um momento de falta de credibilidade. Mesmo que consiga, vai vender os ativos abaixo do pre\u00e7o, e isso vai prejudicar seu fluxo de caixa \u2014 disse Fabio Rhein, professor de finan\u00e7as corporativas do Ibmec-RJ.<\/p>\n<p><strong>Bendine cria sala de gest\u00e3o na sede<\/strong><\/p>\n<p>A estatal destacou tamb\u00e9m que, conforme aprovado em reuni\u00e3o de diretoria em 26 de fevereiro, o valor tamb\u00e9m \u00e9 maior que a proje\u00e7\u00e3o feita para o Plano de Neg\u00f3cios 2014\/18, que previa venda entre US$ 5 bilh\u00f5es e US$ 11 bilh\u00f5es. A estatal tamb\u00e9m ressaltou que o valor de US$ 13,7 bilh\u00f5es poder\u00e1 mudar, dependendo de vari\u00e1veis de mercado, como a cota\u00e7\u00e3o do petr\u00f3leo e da taxa de c\u00e2mbio.<\/p>\n<p>Nesta segunda-feira, a petrol\u00edfera informou ainda que seu Conselho de Administra\u00e7\u00e3o, na reuni\u00e3o realizada em 27 de fevereiro, aprovou a contrata\u00e7\u00e3o da PricewaterhouseCoopers (PwC) para presta\u00e7\u00e3o de servi\u00e7os de auditoria cont\u00e1bil nos exerc\u00edcios de 2015 e 2016.<\/p>\n<p>Uma fonte pr\u00f3xima \u00e0 companhia disse que o novo plano de desinvestimento reflete a mudan\u00e7a na gest\u00e3o. Segundo essa fonte, Bendine \u00e9 descentralizador, diferentemente de Gra\u00e7a Foster. Uma das medidas em andamento \u00e9 o fim da Diretoria Internacional, que at\u00e9 ent\u00e3o era acumulada pela ex-presidente. Essa fonte afirmou que Bendine est\u00e1 distribuindo as v\u00e1rias fun\u00e7\u00f5es dessa \u00e1rea para outras diretorias, como a de Explora\u00e7\u00e3o e Produ\u00e7\u00e3o e a de Governan\u00e7a. E disse ainda que, na opini\u00e3o de Bendine, a Petrobras n\u00e3o necessita de uma Diretoria Internacional.<\/p>\n<p>No pouco tempo em que est\u00e1 \u00e0 frente da estatal, envolvida em uma crise profunda por causa do esc\u00e2ndalo de corrup\u00e7\u00e3o, Bendine resolveu criar uma Sala de Gest\u00e3o no 23\u00ba andar do edif\u00edcio-sede, no Centro do Rio, no mesmo andar onde ficam os gabinetes do presidente e dos diretores. Nessa sala, os executivos dever\u00e3o passar a maior parte do tempo discutindo projetos. Segundo a Petrobras, a Sala de Gest\u00e3o visa a \u201cintegrar ainda mais as atividades da companhia e fortalecer a governan\u00e7a\u201d.<\/p>\n<p>Bendine \u00e9 contra reuni\u00f5es como na \u00e9poca de Gra\u00e7a, que chegavam a durar at\u00e9 dez horas. Por isso, disse a fonte, o novo presidente determinou que as reuni\u00f5es n\u00e3o passem de duas horas, com os diretores se limitando a apresentar duas pautas cada um. Agora, s\u00e3o feitas reuni\u00f5es di\u00e1rias informais, nas quais os diretores discutem os assuntos mais importantes a tratar. Bendine costuma trabalhar das 9h \u00e0s 18h.<\/p>\n<p>\u2014 Gra\u00e7a chegava \u00e0s 7h e sa\u00eda \u00e0s 21h ou 22h. E de madrugada ainda ligava para os executivos. Como ele n\u00e3o \u00e9 concentrador, muitas \u00e1reas que estavam ligadas \u00e0 presid\u00eancia foram distribu\u00eddas. Na presid\u00eancia ficaram apenas as \u00e1reas de Secretaria-Geral, Auditoria e Gapre (Gabinete da presid\u00eancia) \u2014 disse a fonte.<\/p>\n<p>Fonte: O Globo<\/p>\n","protected":false},"excerpt":{"rendered":"<p>Objetivo \u00e9 reduzir o n\u00edvel de endividamento da companhia Ap\u00f3s perder o grau de investimento pela Moody\u2019s e sem poder recorrer ao mercado para fazer&#8230;<\/p>\n","protected":false},"author":1182,"featured_media":0,"comment_status":"closed","ping_status":"closed","sticky":false,"template":"","format":"standard","meta":{"footnotes":""},"categories":[6],"tags":[],"class_list":["post-10893","post","type-post","status-publish","format-standard","hentry","category-noticias"],"_links":{"self":[{"href":"https:\/\/www.sincomam.org.br\/index.php\/wp-json\/wp\/v2\/posts\/10893","targetHints":{"allow":["GET"]}}],"collection":[{"href":"https:\/\/www.sincomam.org.br\/index.php\/wp-json\/wp\/v2\/posts"}],"about":[{"href":"https:\/\/www.sincomam.org.br\/index.php\/wp-json\/wp\/v2\/types\/post"}],"author":[{"embeddable":true,"href":"https:\/\/www.sincomam.org.br\/index.php\/wp-json\/wp\/v2\/users\/1182"}],"replies":[{"embeddable":true,"href":"https:\/\/www.sincomam.org.br\/index.php\/wp-json\/wp\/v2\/comments?post=10893"}],"version-history":[{"count":1,"href":"https:\/\/www.sincomam.org.br\/index.php\/wp-json\/wp\/v2\/posts\/10893\/revisions"}],"predecessor-version":[{"id":10894,"href":"https:\/\/www.sincomam.org.br\/index.php\/wp-json\/wp\/v2\/posts\/10893\/revisions\/10894"}],"wp:attachment":[{"href":"https:\/\/www.sincomam.org.br\/index.php\/wp-json\/wp\/v2\/media?parent=10893"}],"wp:term":[{"taxonomy":"category","embeddable":true,"href":"https:\/\/www.sincomam.org.br\/index.php\/wp-json\/wp\/v2\/categories?post=10893"},{"taxonomy":"post_tag","embeddable":true,"href":"https:\/\/www.sincomam.org.br\/index.php\/wp-json\/wp\/v2\/tags?post=10893"}],"curies":[{"name":"wp","href":"https:\/\/api.w.org\/{rel}","templated":true}]}}