{"id":10885,"date":"2015-03-02T10:29:36","date_gmt":"2015-03-02T13:29:36","guid":{"rendered":"http:\/\/www.sincomam.org.br\/?p=10885"},"modified":"2015-03-02T10:29:36","modified_gmt":"2015-03-02T13:29:36","slug":"firjan-avalia-impactos-da-crise-na-petrobras","status":"publish","type":"post","link":"https:\/\/www.sincomam.org.br\/index.php\/firjan-avalia-impactos-da-crise-na-petrobras\/","title":{"rendered":"Firjan avalia impactos da crise na Petrobras"},"content":{"rendered":"<p>A Federa\u00e7\u00e3o das Ind\u00fastrias do Rio de Janeiro (Firjan) est\u00e1 elaborando um estudo para avaliar o impacto que a crise da Petrobras ter\u00e1 na ind\u00fastria e na economia do Estado. No ano passado, o documento &#8220;Decis\u00e3o Rio&#8221; &#8211; que levantou o volume de investimentos previstos de 2014 a 2016 &#8211; apurou que dos R$ 235,6 bilh\u00f5es de investimentos projetados para o Estado, cerca de 60% (R$ 143,0 bilh\u00f5es) correspondem a explora\u00e7\u00e3o e produ\u00e7\u00e3o de petr\u00f3leo e g\u00e1s. Com crise da Petrobras e a queda nos pre\u00e7os internacionais do petr\u00f3leo, os n\u00fameros tendem a ser revistos.<\/p>\n<p>De acordo com a Secretaria Estadual de Fazenda, o Estado j\u00e1 contabiliza R$ 2,2 bilh\u00f5es em perdas de receita por conta da redu\u00e7\u00e3o dos pre\u00e7os do petr\u00f3leo e, consequentemente, dos royalties. Considerando-se a queda nas receitas dos royalties para os munic\u00edpios, o impacto \u00e9 de cerca de R$ 4, 4 bilh\u00f5es. A secretaria n\u00e3o apontou o volume de perdas para a capital, que concentra as maiores operadoras do setor.<\/p>\n<p>O novo estudo da Firjan deve indicar quais os segmentos mais afetados na cadeia de \u00f3leo e g\u00e1s. Vale lembrar que a explora\u00e7\u00e3o de petr\u00f3leo e g\u00e1s impulsiona fortemente o setor de constru\u00e7\u00e3o naval e atrai fornecedores de m\u00e1quinas e equipamentos e prestadores de servi\u00e7os diversos da cadeia de petr\u00f3leo e g\u00e1s. A expectativa era de que esse movimento fosse intensificado nos pr\u00f3ximos anos com o aumento da produ\u00e7\u00e3o do pr\u00e9-sal. Mas a crise da Petrobras j\u00e1 resultou em queda de encomendas.<\/p>\n<p>&#8220;\u00c9 claro que a Petrobras reduziu suas contrata\u00e7\u00f5es de bens e servi\u00e7os em face de seus problemas. Houve uma redu\u00e7\u00e3o no ritmo das encomendas a parir do segundo semestre. Mas o plano de investimentos da Petrobras, mesmo que venha a ser reduzido, ainda \u00e9 muito grande. Fornecedores diretos como a Technip, a Nov e a FMC ainda est\u00e3o abarrotados de encomendas&#8221;, diz Marcelo Vertis, subsecret\u00e1rio de energia da secretaria estadual de Desenvolvimento Econ\u00f4mico, Energia, Ind\u00fastria e Servi\u00e7os.<\/p>\n<p>Ele acredita que, apesar da volatilidade dos pre\u00e7os internacionais e do fortalecimento de fontes alternativas, a produ\u00e7\u00e3o mundial de petr\u00f3leo, hoje em 82 milh\u00f5es de barris di\u00e1rios, vai continuar subindo e o insumo continuar\u00e1 como principal fonte de energia.<\/p>\n<p>Marcelo Haddad, presidente da Rio Neg\u00f3cios, observa que as den\u00fancias de corrup\u00e7\u00e3o na Petrobras resultaram na suspens\u00e3o de novas contrata\u00e7\u00f5es com as empresas envolvidas. Isso pode atrair para o pa\u00eds novas companhias interessadas em fazer neg\u00f3cios com a estatal. Ele acredita que os investimentos em produ\u00e7\u00e3o v\u00e3o prosseguir com custos mais baixos como loca\u00e7\u00e3o de plataformas e contrata\u00e7\u00e3o de servi\u00e7os fora do pa\u00eds. &#8220;Teremos uma nova cadeia de empresas entrando no Brasil e uma grande renova\u00e7\u00e3o dos players&#8221;, prev\u00ea.<\/p>\n<p>Na sua avalia\u00e7\u00e3o, o cen\u00e1rio atual privilegia investimentos com retornos de mais curto prazo e custos mais baixos. Na Rio Neg\u00f3cios, ele tem observado que toda a cadeia ligada \u00e0 produ\u00e7\u00e3o vinha apresentando grandes ganhos, porque a produ\u00e7\u00e3o da Petrobras \u00e9 crescente. Mas o segmento de pr\u00e9-produ\u00e7\u00e3o, como a s\u00edsmica, vem sofrendo mais. Recentemente a empresa anunciou que a campanha explorat\u00f3ria ser\u00e1 reduzida.<\/p>\n<p>Fonte: Valor Econ\u00f4mico\/Carmen Nery | Para o Valor, do Rio<\/p>\n","protected":false},"excerpt":{"rendered":"<p>A Federa\u00e7\u00e3o das Ind\u00fastrias do Rio de Janeiro (Firjan) est\u00e1 elaborando um estudo para avaliar o impacto que a crise da Petrobras ter\u00e1 na ind\u00fastria&#8230;<\/p>\n","protected":false},"author":1182,"featured_media":10832,"comment_status":"closed","ping_status":"closed","sticky":false,"template":"","format":"standard","meta":{"footnotes":""},"categories":[6],"tags":[],"class_list":["post-10885","post","type-post","status-publish","format-standard","has-post-thumbnail","hentry","category-noticias"],"_links":{"self":[{"href":"https:\/\/www.sincomam.org.br\/index.php\/wp-json\/wp\/v2\/posts\/10885","targetHints":{"allow":["GET"]}}],"collection":[{"href":"https:\/\/www.sincomam.org.br\/index.php\/wp-json\/wp\/v2\/posts"}],"about":[{"href":"https:\/\/www.sincomam.org.br\/index.php\/wp-json\/wp\/v2\/types\/post"}],"author":[{"embeddable":true,"href":"https:\/\/www.sincomam.org.br\/index.php\/wp-json\/wp\/v2\/users\/1182"}],"replies":[{"embeddable":true,"href":"https:\/\/www.sincomam.org.br\/index.php\/wp-json\/wp\/v2\/comments?post=10885"}],"version-history":[{"count":1,"href":"https:\/\/www.sincomam.org.br\/index.php\/wp-json\/wp\/v2\/posts\/10885\/revisions"}],"predecessor-version":[{"id":10886,"href":"https:\/\/www.sincomam.org.br\/index.php\/wp-json\/wp\/v2\/posts\/10885\/revisions\/10886"}],"wp:featuredmedia":[{"embeddable":true,"href":"https:\/\/www.sincomam.org.br\/index.php\/wp-json\/wp\/v2\/media\/10832"}],"wp:attachment":[{"href":"https:\/\/www.sincomam.org.br\/index.php\/wp-json\/wp\/v2\/media?parent=10885"}],"wp:term":[{"taxonomy":"category","embeddable":true,"href":"https:\/\/www.sincomam.org.br\/index.php\/wp-json\/wp\/v2\/categories?post=10885"},{"taxonomy":"post_tag","embeddable":true,"href":"https:\/\/www.sincomam.org.br\/index.php\/wp-json\/wp\/v2\/tags?post=10885"}],"curies":[{"name":"wp","href":"https:\/\/api.w.org\/{rel}","templated":true}]}}